{"id":9998,"date":"2025-12-08T06:00:48","date_gmt":"2025-12-08T05:00:48","guid":{"rendered":"https:\/\/www.mouclier.com\/?p=9998"},"modified":"2025-12-08T07:10:02","modified_gmt":"2025-12-08T06:10:02","slug":"burberry-muscle-sa-direction","status":"publish","type":"post","link":"https:\/\/www.mouclier.com\/index.php\/2025\/12\/08\/burberry-muscle-sa-direction\/","title":{"rendered":"BURBERRY MUSCLE SA DIRECTION"},"content":{"rendered":"<p style=\"text-align: justify;\">L\u2019embl\u00e9matique maison britannique Burberry consolide son organigramme lorsque ses ventes repartent \u00e0 la hausse, notamment sur les march\u00e9s clefs des \u00c9tats-Unis et de la Chine. Dans une phase de redynamisation strat\u00e9gique, le groupe annonce deux nominations internes destin\u00e9es \u00e0 renforcer son \u00e9quipe dirigeante.<\/p>\n<p class=\"my-2 text-base leading-6 text-foreground dark:text-gray-200\" style=\"text-align: justify;\">Matteo Calonaci, actuellement vice-pr\u00e9sident senior en charge de la strat\u00e9gie et de la transformation, acc\u00e8de au poste de\u00a0<span class=\"text-base font-semibold\">directeur des op\u00e9rations et de la cha\u00eene d\u2019approvisionnement<\/span>. Il supervisera d\u00e9sormais la planification, la logistique, la strat\u00e9gie, la transformation ainsi que les p\u00f4les data et analyse. Il succ\u00e8de \u00e0 Klaus Bierbrauer, responsable sortant de la cha\u00eene d\u2019approvisionnement et des affaires industrielles, qui quittera la maison apr\u00e8s le d\u00e9fil\u00e9 pr\u00e9vu en f\u00e9vrier prochain, \u00e0 l\u2019issue d\u2019une br\u00e8ve p\u00e9riode de transition.<\/p>\n<p class=\"my-2 text-base leading-6 text-foreground dark:text-gray-200\" style=\"text-align: justify;\">De son c\u00f4t\u00e9,\u00a0<span class=\"text-base font-semibold\">Johnattan Leon<\/span>, jusqu\u2019alors vice-pr\u00e9sident senior commercial et directeur de cabinet, est promu\u00a0<span class=\"text-base font-semibold\">directeur de l\u2019exp\u00e9rience client<\/span>. Il aura la charge de toutes les activit\u00e9s li\u00e9es \u00e0 la relation et \u00e0 la fid\u00e9lisation de la client\u00e8le, y compris le service client, l\u2019excellence en boutique, les op\u00e9rations commerciales et l\u2019\u00e9cosyst\u00e8me num\u00e9rique de la marque.<\/p>\n<p class=\"my-2 text-base leading-6 text-foreground dark:text-gray-200\" style=\"text-align: justify;\">Ces deux figures strat\u00e9giques rejoignent le comit\u00e9 ex\u00e9cutif et seront directement rattach\u00e9es au PDG, Joshua Schulman, nomm\u00e9 pour impulser un nouveau souffle \u00e0 Burberry.<\/p>\n<p class=\"my-2 text-base leading-6 text-foreground dark:text-gray-200\" style=\"text-align: justify;\">Cette r\u00e9organisation intervient alors que les r\u00e9sultats du groupe t\u00e9moignent d\u2019un r\u00e9el redressement. Les\u00a0<span class=\"text-base font-semibold\">ventes au d\u00e9tail \u00e0 p\u00e9rim\u00e8tre comparable ont progress\u00e9 de 2 % au deuxi\u00e8me trimestre fiscal<\/span>, surpassant les attentes des analystes qui pr\u00e9voyaient une stagnation. Un signal encourageant apr\u00e8s un premier trimestre marqu\u00e9 par un recul d\u2019un point.<\/p>\n<p class=\"my-2 text-base leading-6 text-foreground dark:text-gray-200\" style=\"text-align: justify;\">Sur l\u2019ensemble du premier semestre, les ventes \u00e0 p\u00e9rim\u00e8tre comparable se sont maintenues \u00e0\u00a0<span class=\"text-base font-semibold\">854\u00a0millions de livres sterling<\/span>, un niveau stable mais nettement plus solide qu\u2019un an plus t\u00f4t, lorsque la griffe de luxe avait essuy\u00e9 une chute de 20 %.<\/p>\n<p class=\"my-2 text-base leading-6 text-foreground dark:text-gray-200\" style=\"text-align: justify;\">Avec ce recentrage manag\u00e9rial et une trajectoire commerciale mieux orient\u00e9e, Burberry semble vouloir consolider son renouveau, dans un secteur du luxe marqu\u00e9 par la prudence mais o\u00f9 la marque \u00e0 l\u2019iconique trench-coat compte bien regagner son \u00e9clat d\u2019antan.<\/p>\n<p>FM<\/p>\n","protected":false},"excerpt":{"rendered":"<p style=\"text-align: justify;\">L\u2019embl\u00e9matique maison britannique Burberry consolide son organigramme lorsque ses ventes repartent \u00e0 la hausse, notamment sur les march\u00e9s clefs des \u00c9tats-Unis et de la Chine. Dans une phase de redynamisation strat\u00e9gique, le groupe annonce deux nominations internes destin\u00e9es \u00e0 renforcer son \u00e9quipe dirigeante. <a href=\"https:\/\/www.mouclier.com\/index.php\/2024\/burberry-muscle-sa-direction\/\"><strong><em>Pour lire plus cliquer ici<\/em><\/strong><\/a><\/p>\n<p style=\"text-align: justify;\">\n","protected":false},"author":1,"featured_media":10000,"comment_status":"closed","ping_status":"closed","sticky":false,"template":"","format":"standard","meta":[],"categories":[1],"tags":[],"_links":{"self":[{"href":"https:\/\/www.mouclier.com\/index.php\/wp-json\/wp\/v2\/posts\/9998"}],"collection":[{"href":"https:\/\/www.mouclier.com\/index.php\/wp-json\/wp\/v2\/posts"}],"about":[{"href":"https:\/\/www.mouclier.com\/index.php\/wp-json\/wp\/v2\/types\/post"}],"author":[{"embeddable":true,"href":"https:\/\/www.mouclier.com\/index.php\/wp-json\/wp\/v2\/users\/1"}],"replies":[{"embeddable":true,"href":"https:\/\/www.mouclier.com\/index.php\/wp-json\/wp\/v2\/comments?post=9998"}],"version-history":[{"count":6,"href":"https:\/\/www.mouclier.com\/index.php\/wp-json\/wp\/v2\/posts\/9998\/revisions"}],"predecessor-version":[{"id":10016,"href":"https:\/\/www.mouclier.com\/index.php\/wp-json\/wp\/v2\/posts\/9998\/revisions\/10016"}],"wp:featuredmedia":[{"embeddable":true,"href":"https:\/\/www.mouclier.com\/index.php\/wp-json\/wp\/v2\/media\/10000"}],"wp:attachment":[{"href":"https:\/\/www.mouclier.com\/index.php\/wp-json\/wp\/v2\/media?parent=9998"}],"wp:term":[{"taxonomy":"category","embeddable":true,"href":"https:\/\/www.mouclier.com\/index.php\/wp-json\/wp\/v2\/categories?post=9998"},{"taxonomy":"post_tag","embeddable":true,"href":"https:\/\/www.mouclier.com\/index.php\/wp-json\/wp\/v2\/tags?post=9998"}],"curies":[{"name":"wp","href":"https:\/\/api.w.org\/{rel}","templated":true}]}}