{"id":9980,"date":"2025-12-06T08:30:06","date_gmt":"2025-12-06T07:30:06","guid":{"rendered":"https:\/\/www.mouclier.com\/?p=9980"},"modified":"2025-12-06T08:30:06","modified_gmt":"2025-12-06T07:30:06","slug":"gehry-ou-lart-de-plier-le-monde-a-la-lumiere","status":"publish","type":"post","link":"https:\/\/www.mouclier.com\/index.php\/2025\/12\/06\/gehry-ou-lart-de-plier-le-monde-a-la-lumiere\/","title":{"rendered":"GEHRY OU L&rsquo;ART DE PLIER LE MONDE A LA LUMI\u00c8RE"},"content":{"rendered":"<p style=\"text-align: justify;\">Frank Gehry s\u2019est \u00e9teint, laissant derri\u00e8re lui bien plus qu\u2019une \u0153uvre architecturale : un souffle, une vision, une mani\u00e8re unique de plier le r\u00e9el pour lui donner la forme de l\u2019imaginaire. Architecte de g\u00e9nie, il a boulevers\u00e9 notre fa\u00e7on de concevoir les b\u00e2timents, rappelant que l\u2019audace pouvait devenir mati\u00e8re, que le r\u00eave pouvait se traduire en acier, en verre et en lumi\u00e8re.<\/p>\n<p style=\"text-align: justify;\">De Bilbao \u00e0 Los Angeles, de Paris \u00e0 Prague, ses cr\u00e9ations ont redessin\u00e9 les villes et ouvert de nouvelles voies \u00e0 la cr\u00e9ation contemporaine. Ses volumes ondulants, ses lignes libres, sa ma\u00eetrise de la d\u00e9construction ont inscrit son nom parmi les grands pionniers de l\u2019architecture moderne. Gehry n\u2019a jamais cherch\u00e9 \u00e0 suivre une tendance : il l\u2019a cr\u00e9\u00e9e, encore et encore.<\/p>\n<p style=\"text-align: justify;\">Mais au-del\u00e0 de l\u2019ic\u00f4ne, il y avait l\u2019homme : sensible, humble, profond\u00e9ment attach\u00e9 \u00e0 l\u2019id\u00e9e que l\u2019architecture devait provoquer des \u00e9motions et raconter une histoire. Son \u0153uvre restera \u00e9ternelle, lumineuse, vibrante un h\u00e9ritage qui continuera d\u2019inspirer des g\u00e9n\u00e9rations de cr\u00e9ateurs.\u00a0Aujourd\u2019hui, le monde perd un ma\u00eetre.\u00a0Mais ses b\u00e2timents, eux, continueront de vivre, de respirer, et de rappeler que la beaut\u00e9 peut na\u00eetre l\u00e0 o\u00f9 l\u2019on ose voir autrement.<\/p>\n<div dir=\"auto\" style=\"text-align: justify;\">\n<p>Ainsi va la vie : Franck Gehry, architecte c\u00e9l\u00e9br\u00e9 pourtant n\u00e9 dans la pauvret\u00e9, offre l\u2019immortalit\u00e9 \u00e0 l\u2019empereur du Luxe avec sa fondation, l\u2019homme que le monde dit le plus riche. De cette rencontre entre la modestie des origines et la d\u00e9mesure de la fortune na\u00eet une v\u00e9rit\u00e9 profonde : nul ne conna\u00eet le destin qui l\u2019attend, et chacun porte en lui la capacit\u00e9 de transcender sa condition.<\/p>\n<\/div>\n<div dir=\"auto\" style=\"text-align: justify;\">FM<\/div>\n","protected":false},"excerpt":{"rendered":"<p style=\"text-align: justify;\">Frank Gehry s\u2019est \u00e9teint, laissant derri\u00e8re lui bien plus qu\u2019une \u0153uvre architecturale : un souffle, une vision, une mani\u00e8re unique de plier le r\u00e9el pour lui donner la forme de l\u2019imaginaire. Architecte de g\u00e9nie, il a boulevers\u00e9 notre fa\u00e7on de concevoir les b\u00e2timents, rappelant que l\u2019audace pouvait devenir mati\u00e8re, que le r\u00eave pouvait se traduire en acier, en verre et en lumi\u00e8re.<\/p>\n<p style=\"text-align: justify;\">\n<p style=\"text-align: justify;\">De Bilbao \u00e0 Los Angeles, de Paris \u00e0 Prague, ses cr\u00e9ations ont redessin\u00e9 les villes et ouvert de nouvelles voies \u00e0 la cr\u00e9ation contemporaine. Ses volumes ondulants, ses lignes libres, sa ma\u00eetrise de la d\u00e9construction ont inscrit son nom parmi les grands pionniers de l\u2019architecture moderne. Gehry n\u2019a jamais cherch\u00e9 \u00e0 suivre une tendance : il l\u2019a cr\u00e9\u00e9e, encore et encore. <a href=\"https:\/\/www.mouclier.com\/index.php\/2024\/gehry-ou-lart-de-plier-le-monde-a-la-lumiere\/\"><strong><em>Pour lire plus cliquer ici<\/em><\/strong><\/a><\/p>\n<p style=\"text-align: justify;\">\n","protected":false},"author":1,"featured_media":9983,"comment_status":"closed","ping_status":"closed","sticky":false,"template":"","format":"standard","meta":[],"categories":[1],"tags":[],"_links":{"self":[{"href":"https:\/\/www.mouclier.com\/index.php\/wp-json\/wp\/v2\/posts\/9980"}],"collection":[{"href":"https:\/\/www.mouclier.com\/index.php\/wp-json\/wp\/v2\/posts"}],"about":[{"href":"https:\/\/www.mouclier.com\/index.php\/wp-json\/wp\/v2\/types\/post"}],"author":[{"embeddable":true,"href":"https:\/\/www.mouclier.com\/index.php\/wp-json\/wp\/v2\/users\/1"}],"replies":[{"embeddable":true,"href":"https:\/\/www.mouclier.com\/index.php\/wp-json\/wp\/v2\/comments?post=9980"}],"version-history":[{"count":5,"href":"https:\/\/www.mouclier.com\/index.php\/wp-json\/wp\/v2\/posts\/9980\/revisions"}],"predecessor-version":[{"id":9986,"href":"https:\/\/www.mouclier.com\/index.php\/wp-json\/wp\/v2\/posts\/9980\/revisions\/9986"}],"wp:featuredmedia":[{"embeddable":true,"href":"https:\/\/www.mouclier.com\/index.php\/wp-json\/wp\/v2\/media\/9983"}],"wp:attachment":[{"href":"https:\/\/www.mouclier.com\/index.php\/wp-json\/wp\/v2\/media?parent=9980"}],"wp:term":[{"taxonomy":"category","embeddable":true,"href":"https:\/\/www.mouclier.com\/index.php\/wp-json\/wp\/v2\/categories?post=9980"},{"taxonomy":"post_tag","embeddable":true,"href":"https:\/\/www.mouclier.com\/index.php\/wp-json\/wp\/v2\/tags?post=9980"}],"curies":[{"name":"wp","href":"https:\/\/api.w.org\/{rel}","templated":true}]}}