{"id":9947,"date":"2025-12-05T08:23:21","date_gmt":"2025-12-05T07:23:21","guid":{"rendered":"https:\/\/www.mouclier.com\/?p=9947"},"modified":"2025-12-05T08:23:21","modified_gmt":"2025-12-05T07:23:21","slug":"gucci-devoile-une-vision-des-annees-90","status":"publish","type":"post","link":"https:\/\/www.mouclier.com\/index.php\/2025\/12\/05\/gucci-devoile-une-vision-des-annees-90\/","title":{"rendered":"GUCCI D\u00c9VOILE UNE VISION DES ANN\u00c9ES 90"},"content":{"rendered":"<p style=\"text-align: justify;\" data-start=\"230\" data-end=\"630\">La vision cr\u00e9ative de Gucci se pr\u00e9cise, saison apr\u00e8s saison, r\u00e9affirmant une esth\u00e9tique qui puise d\u00e9lib\u00e9r\u00e9ment dans l\u2019\u00e9nergie stylis\u00e9e et instinctive des ann\u00e9es 1990. Entre minimalisme structur\u00e9, silhouettes affirm\u00e9es et une nostalgie sublim\u00e9e, la maison florentine red\u00e9finit son propre langage visuel tout en renouant avec l\u2019esprit audacieux qui a marqu\u00e9 certaines de ses p\u00e9riodes les plus iconiques.<\/p>\n<p style=\"text-align: justify;\" data-start=\"632\" data-end=\"1031\">Apr\u00e8s la publication du look book <em data-start=\"666\" data-end=\"679\">La Famiglia<\/em> et l\u2019effervescence suscit\u00e9e par le court-m\u00e9trage <em data-start=\"729\" data-end=\"740\">The Tiger<\/em>, d\u00e9voil\u00e9 en marge de la Fashion Week de Milan, Gucci continue d\u2019approfondir sa r\u00e9flexion sur l\u2019essence m\u00eame de la \u201cGucciness\u201d. Cette exploration se d\u00e9ploie aujourd\u2019hui dans la premi\u00e8re pr\u00e9collection, une \u00e9tape clef qui installe de nouveaux codes et confirme la direction esth\u00e9tique choisie.<\/p>\n<p style=\"text-align: justify;\" data-start=\"1033\" data-end=\"1380\">Intitul\u00e9e \u201cG\u00e9n\u00e9ration\u00a0Gucci\u201d, cette collection s\u2019inscrit comme une extension naturelle de la r\u00e9flexion amorc\u00e9e autour des nouveaux arch\u00e9types de la maison. Plus qu\u2019un simple exercice stylistique, elle fa\u00e7onne une galerie de personnages contemporains qui incarnent chacun, par l&rsquo;attitude, la libert\u00e9 et l\u2019impertinence propres \u00e0 Gucci.\u00a0Ce geste cr\u00e9atif affirme la volont\u00e9 de la maison : proposer une mode qui cultive le souvenir, mais parle r\u00e9solument au pr\u00e9sent.<\/p>\n<p data-start=\"1033\" data-end=\"1380\">FM<\/p>\n<div id='gallery-1' class='gallery galleryid-9947 gallery-columns-2 gallery-size-large'><figure class='gallery-item'>\n\t\t\t<div class='gallery-icon portrait'>\n\t\t\t\t<a href='https:\/\/www.mouclier.com\/index.php\/2025\/12\/05\/gucci-devoile-une-vision-des-annees-90\/gucci5\/'><img width=\"702\" height=\"852\" src=\"https:\/\/www.mouclier.com\/wp-content\/uploads\/2025\/12\/gucci5.jpg\" class=\"attachment-large size-large\" alt=\"\" decoding=\"async\" loading=\"lazy\" srcset=\"https:\/\/www.mouclier.com\/wp-content\/uploads\/2025\/12\/gucci5.jpg 702w, https:\/\/www.mouclier.com\/wp-content\/uploads\/2025\/12\/gucci5-247x300.jpg 247w, https:\/\/www.mouclier.com\/wp-content\/uploads\/2025\/12\/gucci5-435x528.jpg 435w\" sizes=\"(max-width: 702px) 100vw, 702px\" \/><\/a>\n\t\t\t<\/div><\/figure><figure class='gallery-item'>\n\t\t\t<div class='gallery-icon portrait'>\n\t\t\t\t<a href='https:\/\/www.mouclier.com\/index.php\/2025\/12\/05\/gucci-devoile-une-vision-des-annees-90\/gucci7-2\/'><img width=\"702\" height=\"852\" src=\"https:\/\/www.mouclier.com\/wp-content\/uploads\/2025\/12\/gucci7.jpg\" class=\"attachment-large size-large\" alt=\"\" decoding=\"async\" loading=\"lazy\" srcset=\"https:\/\/www.mouclier.com\/wp-content\/uploads\/2025\/12\/gucci7.jpg 702w, https:\/\/www.mouclier.com\/wp-content\/uploads\/2025\/12\/gucci7-247x300.jpg 247w, https:\/\/www.mouclier.com\/wp-content\/uploads\/2025\/12\/gucci7-435x528.jpg 435w\" sizes=\"(max-width: 702px) 100vw, 702px\" \/><\/a>\n\t\t\t<\/div><\/figure><figure class='gallery-item'>\n\t\t\t<div class='gallery-icon portrait'>\n\t\t\t\t<a href='https:\/\/www.mouclier.com\/index.php\/2025\/12\/05\/gucci-devoile-une-vision-des-annees-90\/gucci8\/'><img width=\"702\" height=\"852\" src=\"https:\/\/www.mouclier.com\/wp-content\/uploads\/2025\/12\/gucci8.jpg\" class=\"attachment-large size-large\" alt=\"\" decoding=\"async\" loading=\"lazy\" srcset=\"https:\/\/www.mouclier.com\/wp-content\/uploads\/2025\/12\/gucci8.jpg 702w, https:\/\/www.mouclier.com\/wp-content\/uploads\/2025\/12\/gucci8-247x300.jpg 247w, https:\/\/www.mouclier.com\/wp-content\/uploads\/2025\/12\/gucci8-435x528.jpg 435w\" sizes=\"(max-width: 702px) 100vw, 702px\" \/><\/a>\n\t\t\t<\/div><\/figure><figure class='gallery-item'>\n\t\t\t<div class='gallery-icon portrait'>\n\t\t\t\t<a href='https:\/\/www.mouclier.com\/index.php\/2025\/12\/05\/gucci-devoile-une-vision-des-annees-90\/gucci9\/'><img width=\"702\" height=\"852\" src=\"https:\/\/www.mouclier.com\/wp-content\/uploads\/2025\/12\/gucci9.jpg\" class=\"attachment-large size-large\" alt=\"\" decoding=\"async\" loading=\"lazy\" srcset=\"https:\/\/www.mouclier.com\/wp-content\/uploads\/2025\/12\/gucci9.jpg 702w, https:\/\/www.mouclier.com\/wp-content\/uploads\/2025\/12\/gucci9-247x300.jpg 247w, https:\/\/www.mouclier.com\/wp-content\/uploads\/2025\/12\/gucci9-435x528.jpg 435w\" sizes=\"(max-width: 702px) 100vw, 702px\" \/><\/a>\n\t\t\t<\/div><\/figure>\n\t\t<\/div>\n\n","protected":false},"excerpt":{"rendered":"<p>La vision cr\u00e9ative de Gucci se pr\u00e9cise, saison apr\u00e8s saison, r\u00e9affirmant une esth\u00e9tique qui puise d\u00e9lib\u00e9r\u00e9ment dans l\u2019\u00e9nergie stylis\u00e9e et instinctive des ann\u00e9es 1990. Entre minimalisme structur\u00e9, silhouettes affirm\u00e9es et [&hellip;]<\/p>\n","protected":false},"author":1,"featured_media":9956,"comment_status":"closed","ping_status":"closed","sticky":false,"template":"","format":"standard","meta":[],"categories":[1],"tags":[],"_links":{"self":[{"href":"https:\/\/www.mouclier.com\/index.php\/wp-json\/wp\/v2\/posts\/9947"}],"collection":[{"href":"https:\/\/www.mouclier.com\/index.php\/wp-json\/wp\/v2\/posts"}],"about":[{"href":"https:\/\/www.mouclier.com\/index.php\/wp-json\/wp\/v2\/types\/post"}],"author":[{"embeddable":true,"href":"https:\/\/www.mouclier.com\/index.php\/wp-json\/wp\/v2\/users\/1"}],"replies":[{"embeddable":true,"href":"https:\/\/www.mouclier.com\/index.php\/wp-json\/wp\/v2\/comments?post=9947"}],"version-history":[{"count":5,"href":"https:\/\/www.mouclier.com\/index.php\/wp-json\/wp\/v2\/posts\/9947\/revisions"}],"predecessor-version":[{"id":9959,"href":"https:\/\/www.mouclier.com\/index.php\/wp-json\/wp\/v2\/posts\/9947\/revisions\/9959"}],"wp:featuredmedia":[{"embeddable":true,"href":"https:\/\/www.mouclier.com\/index.php\/wp-json\/wp\/v2\/media\/9956"}],"wp:attachment":[{"href":"https:\/\/www.mouclier.com\/index.php\/wp-json\/wp\/v2\/media?parent=9947"}],"wp:term":[{"taxonomy":"category","embeddable":true,"href":"https:\/\/www.mouclier.com\/index.php\/wp-json\/wp\/v2\/categories?post=9947"},{"taxonomy":"post_tag","embeddable":true,"href":"https:\/\/www.mouclier.com\/index.php\/wp-json\/wp\/v2\/tags?post=9947"}],"curies":[{"name":"wp","href":"https:\/\/api.w.org\/{rel}","templated":true}]}}