{"id":9629,"date":"2025-12-04T07:34:35","date_gmt":"2025-12-04T06:34:35","guid":{"rendered":"https:\/\/www.mouclier.com\/?p=9629"},"modified":"2025-12-04T07:34:35","modified_gmt":"2025-12-04T06:34:35","slug":"medicis-en-mode-bulle-pontife","status":"publish","type":"post","link":"https:\/\/www.mouclier.com\/index.php\/2025\/12\/04\/medicis-en-mode-bulle-pontife\/","title":{"rendered":"MEDICIS EN MODE BULLE PONTIFE"},"content":{"rendered":"<p style=\"text-align: justify;\">L\u2019\u00e9poque b\u00e9nie o\u00f9 ne rien apprendre suffisait pour passer pour un g\u00e9nie continue de produire ses \u00e9l\u00e8ves. Et voil\u00e0 que De Villemorin des Jardins, ce dandy c\u00e9leste et peintre maudit qui n\u2019a jamais eu besoin de l\u2019IFM pour comprendre qu\u2019une manche pouvait se coudre \u00e0 l\u2019envers, est d\u00e9sormais c\u00e9l\u00e9br\u00e9 comme un proph\u00e8te des oripeaux. \u00c0 ses c\u00f4t\u00e9s, Prune Delon, \u00ab\u202fMasteris\u00e9e\u202f\u00bb terme savant pour dire qu\u2019elle a appris \u00e0 parler du vide avec gravit\u00e9 incarne parfaitement ce master devenu l\u2019art d\u2019apprendre\u2026 \u00e0 ne rien apprendre. Tous deux se retrouvent \u00e0 Rome, parce qu\u2019\u00e0 broder du vent, autant le faire sous les fresques du Vatican.<\/p>\n<p style=\"text-align: justify;\">Et qui croise-t-on dans ce carnaval cr\u00e9atif\u202f? Le fondateur de Pigalle, celui qui a \u00e9lev\u00e9 le jogging au rang de haute couture et transform\u00e9 les surv\u00eatements des JO de Paris en manifeste esth\u00e9tique. Un triomphe du molleton sur la raison, une ode \u00e0 la fermeture \u00e9clair. Tout ce petit monde vient repr\u00e9senter la France qui rayonnerait, para\u00eet-il, quelque part entre deux scratchs et un logo oversize. Si le style est la forme du charabia, alors voici les po\u00e8tes du polyester\u202fmade in\u202fChina.<\/p>\n<p style=\"text-align: justify;\">Pourtant, ne soyons pas mesquins\u202f: derri\u00e8re cette machine \u00e0 storytelling bien huil\u00e9e, il y aurait une vision. Charles veut \u00ab\u202finterroger l\u2019artisanat et la place du v\u00eatement dans l\u2019art\u202f\u00bb, autrement dit recoudre avec \u00e9l\u00e9gance ce que Zara d\u00e9tricote \u00e0 la cha\u00eene. Prune, elle, lance son projet \u00ab\u202fPr\u00eat \u00e0 teindre\u202f\u00bb, une r\u00e9v\u00e9lation chromatique cens\u00e9e r\u00e9volutionner la couleur (comme si personne n\u2019avait jamais pens\u00e9 \u00e0 plonger un tissu dans un bain de teinture avant elle). Le tout servi avec un vocabulaire d\u2019incubateur culturel \u00e0 la Dominique Jacobin\u202f: \u00ab\u202fprocessus cr\u00e9atif\u202f\u00bb, \u00ab\u202fdialogue interdisciplinaire\u202f\u00bb, \u00ab\u202fpratiques hybrides\u202f\u00bb. On croirait feuilleter une plaquette d\u2019\u00e9cole de commerce recycl\u00e9e en manifeste artistique fa\u00e7on Pascal Marand.<\/p>\n<p style=\"text-align: justify;\">Pendant que ce petit th\u00e9\u00e2tre s\u2019autocongratule \u00e0 la Villa M\u00e9dicis, d\u00e9sormais ouverte \u00e0 la mode donc ferm\u00e9e \u00e0 la modestie, on nous vend tout cela comme l\u2019avant-garde de la pens\u00e9e textile. Un v\u00e9ritable b\u00fbcher des vanit\u00e9s o\u00f9 l\u2019aiguille ne pique plus que l\u2019ego. Rome, ville ouverte, ne l\u2019est plus\u202f: elle devient la capitale du reflux gastrique vestimentaire. On y brode des concepts, on y ourle du vide, on y repasse du creux. L\u2019art, para\u00eet-il, est partout. M\u00eame et surtout l\u00e0 o\u00f9 il n\u2019y a plus rien \u00e0 coudre.<\/p>\n<p style=\"text-align: justify;\">FM<\/p>\n","protected":false},"excerpt":{"rendered":"<p style=\"text-align: justify;\">L\u2019\u00e9poque b\u00e9nie o\u00f9 ne rien apprendre suffisait pour passer pour un g\u00e9nie continue de produire ses \u00e9l\u00e8ves. Et voil\u00e0 que De Villemorin des Jardins, ce dandy c\u00e9leste et peintre maudit qui n\u2019a jamais eu besoin de l\u2019IFM pour comprendre qu\u2019une manche pouvait se coudre \u00e0 l\u2019envers, est d\u00e9sormais c\u00e9l\u00e9br\u00e9 comme un proph\u00e8te des oripeaux. \u00c0 ses c\u00f4t\u00e9s, Prune Delon, \u00ab\u202fMasteris\u00e9e\u202f\u00bb terme savant pour dire qu\u2019elle a appris \u00e0 parler du vide avec gravit\u00e9 incarne parfaitement ce master devenu l\u2019art d\u2019apprendre\u2026 \u00e0 ne rien apprendre. Tous deux se retrouvent \u00e0 Rome, parce qu\u2019\u00e0 broder du vent, autant le faire sous les fresques du Vatican. <a href=\"https:\/\/www.mouclier.com\/index.php\/2024\/medicis-en-mode-bulle-pontife\/\"><strong><em>Pour lire plus cliquer ici<\/em><\/strong><\/a><\/p>\n<p style=\"text-align: justify;\">\n","protected":false},"author":1,"featured_media":9925,"comment_status":"closed","ping_status":"closed","sticky":false,"template":"","format":"standard","meta":[],"categories":[1],"tags":[],"_links":{"self":[{"href":"https:\/\/www.mouclier.com\/index.php\/wp-json\/wp\/v2\/posts\/9629"}],"collection":[{"href":"https:\/\/www.mouclier.com\/index.php\/wp-json\/wp\/v2\/posts"}],"about":[{"href":"https:\/\/www.mouclier.com\/index.php\/wp-json\/wp\/v2\/types\/post"}],"author":[{"embeddable":true,"href":"https:\/\/www.mouclier.com\/index.php\/wp-json\/wp\/v2\/users\/1"}],"replies":[{"embeddable":true,"href":"https:\/\/www.mouclier.com\/index.php\/wp-json\/wp\/v2\/comments?post=9629"}],"version-history":[{"count":12,"href":"https:\/\/www.mouclier.com\/index.php\/wp-json\/wp\/v2\/posts\/9629\/revisions"}],"predecessor-version":[{"id":9931,"href":"https:\/\/www.mouclier.com\/index.php\/wp-json\/wp\/v2\/posts\/9629\/revisions\/9931"}],"wp:featuredmedia":[{"embeddable":true,"href":"https:\/\/www.mouclier.com\/index.php\/wp-json\/wp\/v2\/media\/9925"}],"wp:attachment":[{"href":"https:\/\/www.mouclier.com\/index.php\/wp-json\/wp\/v2\/media?parent=9629"}],"wp:term":[{"taxonomy":"category","embeddable":true,"href":"https:\/\/www.mouclier.com\/index.php\/wp-json\/wp\/v2\/categories?post=9629"},{"taxonomy":"post_tag","embeddable":true,"href":"https:\/\/www.mouclier.com\/index.php\/wp-json\/wp\/v2\/tags?post=9629"}],"curies":[{"name":"wp","href":"https:\/\/api.w.org\/{rel}","templated":true}]}}