{"id":9457,"date":"2025-10-17T21:38:18","date_gmt":"2025-10-17T19:38:18","guid":{"rendered":"https:\/\/www.mouclier.com\/?p=9457"},"modified":"2025-10-17T21:38:18","modified_gmt":"2025-10-17T19:38:18","slug":"enterrement-de-premiere-classe-ches-hermes","status":"publish","type":"post","link":"https:\/\/www.mouclier.com\/index.php\/2025\/10\/17\/enterrement-de-premiere-classe-ches-hermes\/","title":{"rendered":"ENTERREMENT DE PREMI\u00c8RE CLASSE CHES HERM\u00c8S"},"content":{"rendered":"<p style=\"text-align: justify;\">La nouvelle est tomb\u00e9e sans frisson ni larme : apr\u00e8s trente-sept ans \u00e0 la t\u00eate de la mode masculine d\u2019Herm\u00e8s, V\u00e9ronique Nichanian quitte le navire. Officiellement, elle prend sa retraite. Officieusement, c\u2019est la fin d\u2019un monde, celui o\u00f9 un col bien coup\u00e9 valait encore plus qu\u2019un logo XXL.<\/p>\n<p style=\"text-align: justify;\" data-start=\"726\" data-end=\"1091\">\u00c0 l\u2019\u00e2ge o\u00f9 d\u2019autres songent \u00e0 lever le pied et malgr\u00e9 sept d\u00e9cennies de vie avec des portraits flatteurs circulant sur internet (merci Photoshop et lumi\u00e8re de d\u00e9fil\u00e9), la cr\u00e9atrice tire sa r\u00e9v\u00e9rence. Une sortie discr\u00e8te, \u00e0 son image, mais qui ressemble \u00e9trangement \u00e0 un enterrement de premi\u00e8re classe orchestr\u00e9 par la maison : tout le monde en noir, larmes rentr\u00e9es, et un dernier carr\u00e9 Herm\u00e8s pos\u00e9 sur le cercueil du bon go\u00fbt.<\/p>\n<p style=\"text-align: justify;\" data-start=\"1093\" data-end=\"1475\">Nichanian croyait encore au pouvoir d\u2019un lin parfaitement lav\u00e9, d\u2019une couture invisible, d\u2019un bouton bien choisi, pendant que la plan\u00e8te fashion s\u2019excitait sur les collabs, les drops et les chaussures en caoutchouc fluo, elle persistait \u00e0 parler de mati\u00e8re, de coupe, de fait main. Autant dire : une langue morte.<\/p>\n<p style=\"text-align: justify;\" data-start=\"1477\" data-end=\"1722\">Chez Herm\u00e8s, on parle d\u00e9j\u00e0 d\u2019un successeur interne. Probablement un jeune loup de 40 ans rompu aux r\u00e9seaux sociaux, capable de transformer une cravate en m\u00e8me viral. Le luxe silencieux, c\u2019est joli sur papier, mais \u00e7a ne g\u00e9n\u00e8re pas de buzz, ni de r\u00e9el.<\/p>\n<p style=\"text-align: justify;\" data-start=\"1724\" data-end=\"2012\">Alors oui, rendons-lui les honneurs : V\u00e9ronique Nichanian aura tenu 37 ans dans un m\u00e9tier qui licencie l\u2019\u00e9l\u00e9gance au premier like manquant. Elle s\u2019en va comme elle a v\u00e9cu : sans drame, sans bruit, avec la dignit\u00e9 d\u2019une femme qui savait que la vraie modernit\u00e9 n\u2019a pas besoin de hashtags. Rideau. Et que quelqu\u2019un, s\u2019il vous pla\u00eet, pense \u00e0 lui d\u00e9dier une chemise.<\/p>\n<p data-start=\"1724\" data-end=\"2012\">FM<\/p>\n","protected":false},"excerpt":{"rendered":"<p style=\"text-align: justify;\">La nouvelle est tomb\u00e9e sans frisson ni larme : apr\u00e8s trente-sept ans \u00e0 la t\u00eate de la mode masculine d\u2019Herm\u00e8s, V\u00e9ronique Nichanian quitte le navire. Officiellement, elle prend sa retraite. Officieusement, c\u2019est la fin d\u2019un monde, celui o\u00f9 un col bien coup\u00e9 valait encore plus qu\u2019un logo XXL. <a href=\"https:\/\/www.mouclier.com\/index.php\/2024\/enterrement-de-premiere-classe-ches-hermes\/\"><strong><em>Pour lire plus cliquer ici<\/em><\/strong><\/a><\/p>\n<p style=\"text-align: justify;\">\n","protected":false},"author":1,"featured_media":9461,"comment_status":"closed","ping_status":"closed","sticky":false,"template":"","format":"standard","meta":[],"categories":[1],"tags":[],"_links":{"self":[{"href":"https:\/\/www.mouclier.com\/index.php\/wp-json\/wp\/v2\/posts\/9457"}],"collection":[{"href":"https:\/\/www.mouclier.com\/index.php\/wp-json\/wp\/v2\/posts"}],"about":[{"href":"https:\/\/www.mouclier.com\/index.php\/wp-json\/wp\/v2\/types\/post"}],"author":[{"embeddable":true,"href":"https:\/\/www.mouclier.com\/index.php\/wp-json\/wp\/v2\/users\/1"}],"replies":[{"embeddable":true,"href":"https:\/\/www.mouclier.com\/index.php\/wp-json\/wp\/v2\/comments?post=9457"}],"version-history":[{"count":4,"href":"https:\/\/www.mouclier.com\/index.php\/wp-json\/wp\/v2\/posts\/9457\/revisions"}],"predecessor-version":[{"id":9462,"href":"https:\/\/www.mouclier.com\/index.php\/wp-json\/wp\/v2\/posts\/9457\/revisions\/9462"}],"wp:featuredmedia":[{"embeddable":true,"href":"https:\/\/www.mouclier.com\/index.php\/wp-json\/wp\/v2\/media\/9461"}],"wp:attachment":[{"href":"https:\/\/www.mouclier.com\/index.php\/wp-json\/wp\/v2\/media?parent=9457"}],"wp:term":[{"taxonomy":"category","embeddable":true,"href":"https:\/\/www.mouclier.com\/index.php\/wp-json\/wp\/v2\/categories?post=9457"},{"taxonomy":"post_tag","embeddable":true,"href":"https:\/\/www.mouclier.com\/index.php\/wp-json\/wp\/v2\/tags?post=9457"}],"curies":[{"name":"wp","href":"https:\/\/api.w.org\/{rel}","templated":true}]}}