{"id":9342,"date":"2025-10-13T06:00:51","date_gmt":"2025-10-13T04:00:51","guid":{"rendered":"https:\/\/www.mouclier.com\/?p=9342"},"modified":"2025-10-12T09:14:26","modified_gmt":"2025-10-12T07:14:26","slug":"quand-la-mode-de-paris-efface-les-femmes","status":"publish","type":"post","link":"https:\/\/www.mouclier.com\/index.php\/2025\/10\/13\/quand-la-mode-de-paris-efface-les-femmes\/","title":{"rendered":"QUAND LA MODE DE PARIS EFFACE LES FEMMES"},"content":{"rendered":"<p style=\"text-align: justify;\">Cette saison, la Fashion Week de Paris a offert un spectacle d\u2019une beaut\u00e9 parfois glaciale, des silhouettes enferm\u00e9es, des visages dissimul\u00e9s sous des tulles opaques, des b\u00e2illons \u00ab\u00a0\u00c9carteur de bouche\u00a0\u00bb en m\u00e9tal ou des corps r\u00e9duits \u00e0 des volumes informes, des femmes transform\u00e9es avec un sexe d&rsquo;homme, ainsi que des armures bondage en \u00e9nigme. L\u2019innovation, sans doute. L\u2019art, peut-\u00eatre. Mais pour qui ? Et \u00e0 quel prix ?<\/p>\n<p style=\"text-align: justify;\" data-start=\"603\" data-end=\"1053\">Sur les podiums, la f\u00e9minit\u00e9 semblait musel\u00e9e, confin\u00e9e, ni\u00e9e. Les cr\u00e9ateurs, fascin\u00e9s par la d\u00e9construction, ont redessin\u00e9 la silhouette f\u00e9minine jusqu\u2019\u00e0 la rendre m\u00e9connaissable.\u00a0Autrefois, la mode promettait d\u2019\u00e9manciper les femmes du corset. Aujourd\u2019hui, elle invente de nouveaux outils de contrainte. Une femme r\u00e9duite \u00e0 un support visuel, surface d\u2019exp\u00e9rimentation. La libert\u00e9 de cr\u00e9er parait s\u2019\u00eatre retourn\u00e9e contre la libert\u00e9 de bouger, de respirer, d\u2019exister.<\/p>\n<p style=\"text-align: justify;\" data-start=\"1447\" data-end=\"1770\">Bien s\u00fbr, il faut d\u00e9fendre la provocation artistique, la volont\u00e9 de questionner le corps et ses repr\u00e9sentations. Mais, lorsque l\u2019on quitte le d\u00e9fil\u00e9 avec le sentiment d\u2019avoir vu des femmes effac\u00e9es derri\u00e8re des structures, des voiles, des masques, la question devient in\u00e9vitable : \u00e0 qui parle encore la mode f\u00e9minine ?<\/p>\n<p style=\"text-align: justify;\" data-start=\"1772\" data-end=\"2077\">Les podiums se veulent les vitrines du progr\u00e8s, mais ils r\u00e9v\u00e8lent souvent les angoisses de notre \u00e9poque : peur du d\u00e9sir, peur du regard, peur du f\u00e9minin lui-m\u00eame. Le v\u00eatement devient alors carapace, bunker ou simulacre. Dans ce th\u00e9\u00e2tre de formes et d\u2019\u00e9toffes, la femme r\u00e9elle s\u2019efface, engloutie par le concept. Et pendant que la mode occidentale pr\u00e9tend lib\u00e9rer le corps, ailleurs en Afrique, en Afghanistan, des femmes sont encore excis\u00e9es, voil\u00e9es, enferm\u00e9es. Le contraste est saisissant : l\u00e0 o\u00f9 l\u2019on pr\u00e9tend d\u00e9construire l\u2019image de la femme, d\u2019autres luttent simplement pour exister.<\/p>\n<p style=\"text-align: justify;\" data-start=\"2079\" data-end=\"2332\">Peut-\u00eatre la mode cherche-t-elle \u00e0 dire quelque chose de notre \u00e9poque : la perte de rep\u00e8res, l\u2019angoisse identitaire, la tentation de se cacher. Mais alors, il faudrait l\u2019assumer. Car la beaut\u00e9, m\u00eame exp\u00e9rimentale, ne devrait pas nier celle qui la porte.\u00a0\u00c0 la fin du d\u00e9fil\u00e9, quand les mannequins quittent la sc\u00e8ne et que les projecteurs s\u2019\u00e9teignent, il reste une question en suspens : la mode f\u00e9minine est-elle encore faite pour les femmes ou contre elles ?<\/p>\n<p data-start=\"2079\" data-end=\"2332\">FM<\/p>\n<div id='gallery-1' class='gallery galleryid-9342 gallery-columns-2 gallery-size-large'><figure class='gallery-item'>\n\t\t\t<div class='gallery-icon portrait'>\n\t\t\t\t<a href='https:\/\/www.mouclier.com\/index.php\/2025\/10\/13\/quand-la-mode-de-paris-efface-les-femmes\/commedesgarcon\/'><img width=\"499\" height=\"726\" src=\"https:\/\/www.mouclier.com\/wp-content\/uploads\/2025\/10\/commedesgar\u00e7on-e1760161658124.jpg\" class=\"attachment-large size-large\" alt=\"\" decoding=\"async\" loading=\"lazy\" srcset=\"https:\/\/www.mouclier.com\/wp-content\/uploads\/2025\/10\/commedesgar\u00e7on-e1760161658124.jpg 499w, https:\/\/www.mouclier.com\/wp-content\/uploads\/2025\/10\/commedesgar\u00e7on-e1760161658124-206x300.jpg 206w, https:\/\/www.mouclier.com\/wp-content\/uploads\/2025\/10\/commedesgar\u00e7on-e1760161658124-435x633.jpg 435w\" sizes=\"(max-width: 499px) 100vw, 499px\" \/><\/a>\n\t\t\t<\/div><\/figure><figure class='gallery-item'>\n\t\t\t<div class='gallery-icon portrait'>\n\t\t\t\t<a href='https:\/\/www.mouclier.com\/index.php\/2025\/10\/13\/quand-la-mode-de-paris-efface-les-femmes\/gaultier\/'><img width=\"495\" height=\"726\" src=\"https:\/\/www.mouclier.com\/wp-content\/uploads\/2025\/10\/Gaultier-e1760161600232.png\" class=\"attachment-large size-large\" alt=\"\" decoding=\"async\" loading=\"lazy\" srcset=\"https:\/\/www.mouclier.com\/wp-content\/uploads\/2025\/10\/Gaultier-e1760161600232.png 495w, https:\/\/www.mouclier.com\/wp-content\/uploads\/2025\/10\/Gaultier-e1760161600232-205x300.png 205w, https:\/\/www.mouclier.com\/wp-content\/uploads\/2025\/10\/Gaultier-e1760161600232-435x638.png 435w\" sizes=\"(max-width: 495px) 100vw, 495px\" \/><\/a>\n\t\t\t<\/div><\/figure>\n\t\t<\/div>\n\n","protected":false},"excerpt":{"rendered":"<p style=\"text-align: justify;\">Cette saison, la Fashion Week de Paris a offert un spectacle d\u2019une beaut\u00e9 parfois glaciale, des silhouettes enferm\u00e9es, des visages dissimul\u00e9s sous des tulles opaques, des b\u00e2illons \u00ab\u00a0\u00c9carteur de bouche\u00a0\u00bb en m\u00e9tal ou des corps r\u00e9duits \u00e0 des volumes informes, des femmes transform\u00e9es avec un sexe d&rsquo;homme, ainsi que des armures bondage en \u00e9nigme. L\u2019innovation, sans doute. L\u2019art, peut-\u00eatre. Mais pour qui ? Et \u00e0 quel prix ? <a href=\"https:\/\/www.mouclier.com\/index.php\/2024\/quand-la-mode-de-paris-efface-les-femmes\/\"><strong><em>Pour lire plus cliquer ici<\/em><\/strong><\/a><\/p>\n<p style=\"text-align: justify;\">\n","protected":false},"author":1,"featured_media":9349,"comment_status":"closed","ping_status":"closed","sticky":false,"template":"","format":"standard","meta":[],"categories":[1],"tags":[],"_links":{"self":[{"href":"https:\/\/www.mouclier.com\/index.php\/wp-json\/wp\/v2\/posts\/9342"}],"collection":[{"href":"https:\/\/www.mouclier.com\/index.php\/wp-json\/wp\/v2\/posts"}],"about":[{"href":"https:\/\/www.mouclier.com\/index.php\/wp-json\/wp\/v2\/types\/post"}],"author":[{"embeddable":true,"href":"https:\/\/www.mouclier.com\/index.php\/wp-json\/wp\/v2\/users\/1"}],"replies":[{"embeddable":true,"href":"https:\/\/www.mouclier.com\/index.php\/wp-json\/wp\/v2\/comments?post=9342"}],"version-history":[{"count":19,"href":"https:\/\/www.mouclier.com\/index.php\/wp-json\/wp\/v2\/posts\/9342\/revisions"}],"predecessor-version":[{"id":9405,"href":"https:\/\/www.mouclier.com\/index.php\/wp-json\/wp\/v2\/posts\/9342\/revisions\/9405"}],"wp:featuredmedia":[{"embeddable":true,"href":"https:\/\/www.mouclier.com\/index.php\/wp-json\/wp\/v2\/media\/9349"}],"wp:attachment":[{"href":"https:\/\/www.mouclier.com\/index.php\/wp-json\/wp\/v2\/media?parent=9342"}],"wp:term":[{"taxonomy":"category","embeddable":true,"href":"https:\/\/www.mouclier.com\/index.php\/wp-json\/wp\/v2\/categories?post=9342"},{"taxonomy":"post_tag","embeddable":true,"href":"https:\/\/www.mouclier.com\/index.php\/wp-json\/wp\/v2\/tags?post=9342"}],"curies":[{"name":"wp","href":"https:\/\/api.w.org\/{rel}","templated":true}]}}