{"id":9215,"date":"2025-10-07T06:37:09","date_gmt":"2025-10-07T04:37:09","guid":{"rendered":"https:\/\/www.mouclier.com\/?p=9215"},"modified":"2025-10-07T07:38:31","modified_gmt":"2025-10-07T05:38:31","slug":"miu-miu-couture-et-basse-besogne","status":"publish","type":"post","link":"https:\/\/www.mouclier.com\/index.php\/2025\/10\/07\/miu-miu-couture-et-basse-besogne\/","title":{"rendered":"MIU MIU COUTURE ET BASSE BESOGNE"},"content":{"rendered":"<p style=\"text-align: justify;\">Il fallait bien que le retour de la concierge espagnole sign\u00e9e Prada arrive un jour ! Ainsi, apr\u00e8s avoir lib\u00e9r\u00e9 les corps, Miuccia veut enfermer les corps dans des uniformes de service, et au passage, la mode y a gliss\u00e9 aussi les esprits bien serr\u00e9s comme dans un sac de linge sale\u2026 Les v\u00eatements de travail, nagu\u00e8re symboles d\u2019effort et de sueur, deviennent \u00e0 pr\u00e9sent des parures de d\u00e9votion domestique. On nous vante la beaut\u00e9 du bleu de chauffe, la noblesse du tablier, la gr\u00e2ce silencieuse de la femme qui polit le sol comme on polirait une ic\u00f4ne. Miuccia Prada, grande pr\u00eatresse du paradoxe, transforme la servitude en esth\u00e9tique et soudain, la cuisine devient podium.<\/p>\n<p style=\"text-align: justify;\" data-start=\"861\" data-end=\"1152\">Sous pr\u00e9texte d\u2019explorer le v\u00eatement utilitaire, on r\u00e9habilite sans ciller les outils de l\u2019asservissement. Quelle audace, quelle ironie du progr\u00e8s : l\u2019ouvri\u00e8re, jadis symbole d\u2019\u00e9mancipation, redevient l\u2019image r\u00eav\u00e9e du d\u00e9vouement discret. Le f\u00e9minisme passe \u00e0 la machine, cycle \u00ab d\u00e9licat \u00bb.<\/p>\n<p style=\"text-align: justify;\" data-start=\"1154\" data-end=\"1531\">Ce qu\u2019on nous vend ici n\u2019est pas un style, mais un retour \u00e0 l\u2019ordre, un ordre bien repass\u00e9, amidonn\u00e9, pr\u00eat \u00e0 remettre la femme \u00e0 sa place : derri\u00e8re le plan de travail, dans la lueur st\u00e9rile des n\u00e9ons, \u00e0 genoux devant le four comme devant un autel. La mode applaudit, les magazines s\u2019extasient, et la Wintour qui n&rsquo;a jamais vu de sa vie une cuisine tremble de sueur, ainsi la Fashion Week rejoue en talons aiguille, la vieille com\u00e9die patriarcale.<\/p>\n<p style=\"text-align: justify;\" data-start=\"1533\" data-end=\"1903\">Car enfin, sous la soie et le nylon, qu\u2019y a-t-il ? Le fantasme d\u2019une docilit\u00e9 retrouv\u00e9e. On habille le corps f\u00e9minin d\u2019un langage d\u2019usine, on fait passer la contrainte pour \u00e9l\u00e9gance, la soumission pour concept. L\u2019ouvri\u00e8re devient muse, mais jamais patronne. Et pendant que le monde salue la \u00ab modernit\u00e9 \u00bb de la proposition, c\u2019est le XIX\u1d49 si\u00e8cle qui reprend du service. Mais cela n&rsquo;est pas galant, je le sais \u00ab\u00a0mais c&rsquo;est de son \u00e2ge\u00a0\u00bb enfin le mien aussi.<\/p>\n<p data-start=\"1533\" data-end=\"1903\">FM<\/p>\n<div id='gallery-1' class='gallery galleryid-9215 gallery-columns-2 gallery-size-full'><figure class='gallery-item'>\n\t\t\t<div class='gallery-icon portrait'>\n\t\t\t\t<a href='https:\/\/www.mouclier.com\/index.php\/2025\/10\/07\/miu-miu-couture-et-basse-besogne\/1-40\/'><img width=\"580\" height=\"869\" src=\"https:\/\/www.mouclier.com\/wp-content\/uploads\/2025\/10\/1-1.jpg\" class=\"attachment-full size-full\" alt=\"\" decoding=\"async\" loading=\"lazy\" srcset=\"https:\/\/www.mouclier.com\/wp-content\/uploads\/2025\/10\/1-1.jpg 580w, https:\/\/www.mouclier.com\/wp-content\/uploads\/2025\/10\/1-1-200x300.jpg 200w, https:\/\/www.mouclier.com\/wp-content\/uploads\/2025\/10\/1-1-435x652.jpg 435w\" sizes=\"(max-width: 580px) 100vw, 580px\" \/><\/a>\n\t\t\t<\/div><\/figure><figure class='gallery-item'>\n\t\t\t<div class='gallery-icon portrait'>\n\t\t\t\t<a href='https:\/\/www.mouclier.com\/index.php\/2025\/10\/07\/miu-miu-couture-et-basse-besogne\/2-46\/'><img width=\"580\" height=\"869\" src=\"https:\/\/www.mouclier.com\/wp-content\/uploads\/2025\/10\/2.jpg\" class=\"attachment-full size-full\" alt=\"\" decoding=\"async\" loading=\"lazy\" srcset=\"https:\/\/www.mouclier.com\/wp-content\/uploads\/2025\/10\/2.jpg 580w, https:\/\/www.mouclier.com\/wp-content\/uploads\/2025\/10\/2-200x300.jpg 200w, https:\/\/www.mouclier.com\/wp-content\/uploads\/2025\/10\/2-435x652.jpg 435w\" sizes=\"(max-width: 580px) 100vw, 580px\" \/><\/a>\n\t\t\t<\/div><\/figure><figure class='gallery-item'>\n\t\t\t<div class='gallery-icon portrait'>\n\t\t\t\t<a href='https:\/\/www.mouclier.com\/index.php\/2025\/10\/07\/miu-miu-couture-et-basse-besogne\/3-41\/'><img width=\"580\" height=\"869\" src=\"https:\/\/www.mouclier.com\/wp-content\/uploads\/2025\/10\/3-1.jpg\" class=\"attachment-full size-full\" alt=\"\" decoding=\"async\" loading=\"lazy\" srcset=\"https:\/\/www.mouclier.com\/wp-content\/uploads\/2025\/10\/3-1.jpg 580w, https:\/\/www.mouclier.com\/wp-content\/uploads\/2025\/10\/3-1-200x300.jpg 200w, https:\/\/www.mouclier.com\/wp-content\/uploads\/2025\/10\/3-1-435x652.jpg 435w\" sizes=\"(max-width: 580px) 100vw, 580px\" \/><\/a>\n\t\t\t<\/div><\/figure><figure class='gallery-item'>\n\t\t\t<div class='gallery-icon portrait'>\n\t\t\t\t<a href='https:\/\/www.mouclier.com\/index.php\/2025\/10\/07\/miu-miu-couture-et-basse-besogne\/5-42\/'><img width=\"580\" height=\"869\" src=\"https:\/\/www.mouclier.com\/wp-content\/uploads\/2025\/10\/5-1.jpg\" class=\"attachment-full size-full\" alt=\"\" decoding=\"async\" loading=\"lazy\" srcset=\"https:\/\/www.mouclier.com\/wp-content\/uploads\/2025\/10\/5-1.jpg 580w, https:\/\/www.mouclier.com\/wp-content\/uploads\/2025\/10\/5-1-200x300.jpg 200w, https:\/\/www.mouclier.com\/wp-content\/uploads\/2025\/10\/5-1-435x652.jpg 435w\" sizes=\"(max-width: 580px) 100vw, 580px\" \/><\/a>\n\t\t\t<\/div><\/figure>\n\t\t<\/div>\n\n","protected":false},"excerpt":{"rendered":"<p style=\"text-align: justify;\">Il fallait bien que le retour de la concierge espagnole sign\u00e9e Prada arrive un jour ! Ainsi, apr\u00e8s avoir lib\u00e9r\u00e9 les corps, Miuccia veut enfermer les corps dans des uniformes de service, et au passage, la mode y a gliss\u00e9 aussi les esprits bien serr\u00e9s comme dans un sac de linge sale\u2026 Les v\u00eatements de travail, nagu\u00e8re symboles d\u2019effort et de sueur, deviennent \u00e0 pr\u00e9sent des parures de d\u00e9votion domestique. <a href=\"https:\/\/www.mouclier.com\/index.php\/2024\/miu-miu-couture-et-basse-besogne\/\"><strong><em>Pour lire plus cliquer ici<\/em><\/strong><\/a><\/p>\n<p style=\"text-align: justify;\">\n","protected":false},"author":1,"featured_media":9223,"comment_status":"closed","ping_status":"closed","sticky":false,"template":"","format":"standard","meta":[],"categories":[1],"tags":[],"_links":{"self":[{"href":"https:\/\/www.mouclier.com\/index.php\/wp-json\/wp\/v2\/posts\/9215"}],"collection":[{"href":"https:\/\/www.mouclier.com\/index.php\/wp-json\/wp\/v2\/posts"}],"about":[{"href":"https:\/\/www.mouclier.com\/index.php\/wp-json\/wp\/v2\/types\/post"}],"author":[{"embeddable":true,"href":"https:\/\/www.mouclier.com\/index.php\/wp-json\/wp\/v2\/users\/1"}],"replies":[{"embeddable":true,"href":"https:\/\/www.mouclier.com\/index.php\/wp-json\/wp\/v2\/comments?post=9215"}],"version-history":[{"count":10,"href":"https:\/\/www.mouclier.com\/index.php\/wp-json\/wp\/v2\/posts\/9215\/revisions"}],"predecessor-version":[{"id":9250,"href":"https:\/\/www.mouclier.com\/index.php\/wp-json\/wp\/v2\/posts\/9215\/revisions\/9250"}],"wp:featuredmedia":[{"embeddable":true,"href":"https:\/\/www.mouclier.com\/index.php\/wp-json\/wp\/v2\/media\/9223"}],"wp:attachment":[{"href":"https:\/\/www.mouclier.com\/index.php\/wp-json\/wp\/v2\/media?parent=9215"}],"wp:term":[{"taxonomy":"category","embeddable":true,"href":"https:\/\/www.mouclier.com\/index.php\/wp-json\/wp\/v2\/categories?post=9215"},{"taxonomy":"post_tag","embeddable":true,"href":"https:\/\/www.mouclier.com\/index.php\/wp-json\/wp\/v2\/tags?post=9215"}],"curies":[{"name":"wp","href":"https:\/\/api.w.org\/{rel}","templated":true}]}}