{"id":9185,"date":"2025-10-06T12:56:34","date_gmt":"2025-10-06T10:56:34","guid":{"rendered":"https:\/\/www.mouclier.com\/?p=9185"},"modified":"2025-10-06T12:56:34","modified_gmt":"2025-10-06T10:56:34","slug":"duran-lantink-le-faste-des-mediocres","status":"publish","type":"post","link":"https:\/\/www.mouclier.com\/index.php\/2025\/10\/06\/duran-lantink-le-faste-des-mediocres\/","title":{"rendered":"DURAN LANTINK LE FASTE DES M\u00c9DIOCRES"},"content":{"rendered":"<p style=\"text-align: justify;\">En d\u00e9couvrant la premi\u00e8re collection de Duran Lantink pour Jean Paul Gaultier, je me suis senti, je l\u2019avoue \u00e9trangement d\u00e9sempar\u00e9. Ce dimanche 5 octobre 2025, dans le tumulte feutr\u00e9 du d\u00e9fil\u00e9, le cr\u00e9ateur n\u00e9erlandais, sorti de l\u2019anonymat en 2018 gr\u00e2ce \u00e0 Janelle Mon\u00e1e et son pantalon audacieux \u00e9voquant la nymphe d\u2019une femme dans le clip Pynk, avait provoqu\u00e9 d\u00e9j\u00e0 l\u2019indignation.<\/p>\n<p style=\"text-align: justify;\">Je n\u2019ignore pas que le monde de la mode aime le scandale et le jeu des provocations qui po\u00e8te plus haut que son luth. Mais, cette premi\u00e8re collection, sous la banni\u00e8re de la marque Gaultier, n\u2019atteint ni la hauteur des attentes, ni celle de l\u2019\u00e9l\u00e9gance subtile qui fait le charme de ce m\u00e9tier. Elle appara\u00eet, h\u00e9las, grossi\u00e8re, presque incons\u00e9quente, c\u2019est le d\u00e9fil\u00e9 des m\u00e9diocres et des abjects que le fromage de notre d\u00e9cadence a spontan\u00e9ment enfant\u00e9 pour l\u2019inexorable d\u00e9coration du sens esth\u00e9tique.<\/p>\n<p style=\"text-align: justify;\">Je me souviens pourtant de ces collections o\u00f9 l\u2019audace se m\u00ealait \u00e0 l\u2019esprit ludique, o\u00f9 le v\u00eatement devenait c\u00e9l\u00e9bration et po\u00e9sie. Ici, rien de tout cela. Ce d\u00e9fil\u00e9, cens\u00e9 ouvrir un nouveau chapitre, semble ignorer la cr\u00e9ativit\u00e9, le savoir-faire et, paradoxalement, l\u2019audace elle-m\u00eame.<\/p>\n<p style=\"text-align: justify;\">Puis, il y a cette complaisance des Bimbos, \u00e9clatante et triste \u00e0 la fois par leur pauvret\u00e9 intellectuelle, qui met en lumi\u00e8re les faiblesses d\u2019une industrie incapable de reconna\u00eetre l\u2019erreur, d\u2019avouer l\u2019\u00e9chec, de mesurer le vertige de la d\u00e9ception. Comme toujours, la mode est plus indulgente envers les apparences qu\u2019envers la v\u00e9rit\u00e9.<\/p>\n<p style=\"text-align: justify;\">FM<\/p>\n<p style=\"text-align: justify;\" data-start=\"1222\" data-end=\"1530\"><img decoding=\"async\" loading=\"lazy\" class=\"alignnone size-full wp-image-9189\" src=\"https:\/\/www.mouclier.com\/wp-content\/uploads\/2025\/10\/jpg.jpg\" alt=\"\" width=\"1080\" height=\"1080\" srcset=\"https:\/\/www.mouclier.com\/wp-content\/uploads\/2025\/10\/jpg.jpg 1080w, https:\/\/www.mouclier.com\/wp-content\/uploads\/2025\/10\/jpg-150x150.jpg 150w, https:\/\/www.mouclier.com\/wp-content\/uploads\/2025\/10\/jpg-300x300.jpg 300w, https:\/\/www.mouclier.com\/wp-content\/uploads\/2025\/10\/jpg-768x768.jpg 768w, https:\/\/www.mouclier.com\/wp-content\/uploads\/2025\/10\/jpg-1024x1024.jpg 1024w, https:\/\/www.mouclier.com\/wp-content\/uploads\/2025\/10\/jpg-730x730.jpg 730w, https:\/\/www.mouclier.com\/wp-content\/uploads\/2025\/10\/jpg-435x435.jpg 435w\" sizes=\"(max-width: 1080px) 100vw, 1080px\" \/><\/p>\n","protected":false},"excerpt":{"rendered":"<p style=\"text-align: justify;\">En d\u00e9couvrant la premi\u00e8re collection de Duran Lantink pour Jean Paul Gaultier, je me suis senti, je l\u2019avoue \u00e9trangement d\u00e9sempar\u00e9. Ce dimanche 5 octobre 2025, dans le tumulte feutr\u00e9 du d\u00e9fil\u00e9, le cr\u00e9ateur n\u00e9erlandais, sorti de l\u2019anonymat en 2018 gr\u00e2ce \u00e0 Janelle Mon\u00e1e et son pantalon audacieux \u00e9voquant la nymphe d\u2019une femme dans le clip Pynk, avait provoqu\u00e9 d\u00e9j\u00e0 l\u2019indignation. <a href=\"https:\/\/www.mouclier.com\/index.php\/2024\/duran-lantink-le-faste-des-mediocres\/\"><strong><em>Pour lire plus cliquer ici<\/em><\/strong><\/a><\/p>\n<p style=\"text-align: justify;\">\n","protected":false},"author":1,"featured_media":9204,"comment_status":"closed","ping_status":"closed","sticky":false,"template":"","format":"standard","meta":[],"categories":[1],"tags":[],"_links":{"self":[{"href":"https:\/\/www.mouclier.com\/index.php\/wp-json\/wp\/v2\/posts\/9185"}],"collection":[{"href":"https:\/\/www.mouclier.com\/index.php\/wp-json\/wp\/v2\/posts"}],"about":[{"href":"https:\/\/www.mouclier.com\/index.php\/wp-json\/wp\/v2\/types\/post"}],"author":[{"embeddable":true,"href":"https:\/\/www.mouclier.com\/index.php\/wp-json\/wp\/v2\/users\/1"}],"replies":[{"embeddable":true,"href":"https:\/\/www.mouclier.com\/index.php\/wp-json\/wp\/v2\/comments?post=9185"}],"version-history":[{"count":6,"href":"https:\/\/www.mouclier.com\/index.php\/wp-json\/wp\/v2\/posts\/9185\/revisions"}],"predecessor-version":[{"id":9203,"href":"https:\/\/www.mouclier.com\/index.php\/wp-json\/wp\/v2\/posts\/9185\/revisions\/9203"}],"wp:featuredmedia":[{"embeddable":true,"href":"https:\/\/www.mouclier.com\/index.php\/wp-json\/wp\/v2\/media\/9204"}],"wp:attachment":[{"href":"https:\/\/www.mouclier.com\/index.php\/wp-json\/wp\/v2\/media?parent=9185"}],"wp:term":[{"taxonomy":"category","embeddable":true,"href":"https:\/\/www.mouclier.com\/index.php\/wp-json\/wp\/v2\/categories?post=9185"},{"taxonomy":"post_tag","embeddable":true,"href":"https:\/\/www.mouclier.com\/index.php\/wp-json\/wp\/v2\/tags?post=9185"}],"curies":[{"name":"wp","href":"https:\/\/api.w.org\/{rel}","templated":true}]}}