{"id":9179,"date":"2025-10-06T11:13:39","date_gmt":"2025-10-06T09:13:39","guid":{"rendered":"https:\/\/www.mouclier.com\/?p=9179"},"modified":"2025-10-06T11:13:39","modified_gmt":"2025-10-06T09:13:39","slug":"mcqueen-le-chant-du-retour","status":"publish","type":"post","link":"https:\/\/www.mouclier.com\/index.php\/2025\/10\/06\/mcqueen-le-chant-du-retour\/","title":{"rendered":"McQUEEN LE CHANT DU RETOUR"},"content":{"rendered":"<p style=\"text-align: justify;\">Il y a un an \u00e0 peine, un souffle nouveau s\u2019\u00e9levait sur la maison McQueen un jeune homme venu du Connemara, Se\u00e1n McGirr, h\u00e9ritait d\u2019un tr\u00f4ne qu\u2019on disait impossible \u00e0 reconqu\u00e9rir. \u00c0 peine avait-il franchi le seuil du temple que d\u00e9j\u00e0, les voix du monde s\u2019\u00e9levaient s\u00e9v\u00e8res, oublieuses des lenteurs du g\u00e9nie. On jugeait le fruit avant qu\u2019il ne m\u00fbr\u00eet, on r\u00e9clamait l\u2019\u00e9clat d\u2019un astre disparu, sans songer que la lumi\u00e8re met du temps \u00e0 rena\u00eetre apr\u00e8s un trou noir.<\/p>\n<p style=\"text-align: justify;\">Mais, le temps fait toujours son travail, et ce patient sculpteur a veill\u00e9 sur lui. \u00c0 l\u2019automne dernier, une aurore s\u2019est lev\u00e9e sur la maison endormie. Dans ses \u00e9toffes, on croyait voir passer l\u2019ombre tut\u00e9laire de Lee Alexander McQueen ce Prom\u00e9th\u00e9e de la mode qui vola le feu de la beaut\u00e9 pour le donner aux hommes. Les mythes anciens se m\u00ealaient \u00e0 la coupe des v\u00eatements, et dans chaque drap\u00e9 vibrait l\u2019\u00e9cho du pass\u00e9 transfigur\u00e9.<\/p>\n<p style=\"text-align: justify;\">Aujourd\u2019hui, le miracle s\u2019accomplit, sous les vo\u00fbtes de lumi\u00e8re d\u2019un soir de septembre, le d\u00e9fil\u00e9 s\u2019est \u00e9lev\u00e9 comme un chant. Les visages \u00e9mus, les mains jointes dans un m\u00eame \u00e9lan, ont salu\u00e9 ce triomphe une standing ovation comme un hymne \u00e0 la renaissance. Car dans ces cr\u00e9ations flamboyantes, entre d\u00e9mesure et harmonie, vit encore l\u2019esprit du ma\u00eetre disparu. J\u2019aime les brandebourgs, j\u2019aime la f\u00e9minit\u00e9, j\u2019aime la cr\u00e9ation ; et tous ses pr\u00e9cieux ingr\u00e9dients semblaient r\u00e9unis en un seul souffle, comme un r\u00eave suspendu entre l\u2019azur et la lumi\u00e8re.<\/p>\n<p style=\"text-align: justify;\">Se\u00e1n McGirr, tel un po\u00e8te enfin ma\u00eetre de sa lyre, a trouv\u00e9 sa voix, celle d\u2019un h\u00e9ritier devenu cr\u00e9ateur, celle d\u2019un homme qui, face au vertige de la l\u00e9gende, ose encore r\u00eaver.<\/p>\n<p>FM<\/p>\n<p><img decoding=\"async\" loading=\"lazy\" class=\"alignnone size-full wp-image-9197\" src=\"https:\/\/www.mouclier.com\/wp-content\/uploads\/2025\/10\/canal.jpg\" alt=\"\" width=\"1080\" height=\"1080\" srcset=\"https:\/\/www.mouclier.com\/wp-content\/uploads\/2025\/10\/canal.jpg 1080w, https:\/\/www.mouclier.com\/wp-content\/uploads\/2025\/10\/canal-150x150.jpg 150w, https:\/\/www.mouclier.com\/wp-content\/uploads\/2025\/10\/canal-300x300.jpg 300w, https:\/\/www.mouclier.com\/wp-content\/uploads\/2025\/10\/canal-768x768.jpg 768w, https:\/\/www.mouclier.com\/wp-content\/uploads\/2025\/10\/canal-1024x1024.jpg 1024w, https:\/\/www.mouclier.com\/wp-content\/uploads\/2025\/10\/canal-730x730.jpg 730w, https:\/\/www.mouclier.com\/wp-content\/uploads\/2025\/10\/canal-435x435.jpg 435w\" sizes=\"(max-width: 1080px) 100vw, 1080px\" \/><\/p>\n<p>&nbsp;<\/p>\n","protected":false},"excerpt":{"rendered":"<p style=\"text-align: justify;\">Il y a un an \u00e0 peine, un souffle nouveau s\u2019\u00e9levait sur la maison McQueen un jeune homme venu du Connemara, Se\u00e1n McGirr, h\u00e9ritait d\u2019un tr\u00f4ne qu\u2019on disait impossible \u00e0 reconqu\u00e9rir. \u00c0 peine avait-il franchi le seuil du temple que d\u00e9j\u00e0, les voix du monde s\u2019\u00e9levaient s\u00e9v\u00e8res, oublieuses des lenteurs du g\u00e9nie. On jugeait le fruit avant qu\u2019il ne m\u00fbr\u00eet, on r\u00e9clamait l\u2019\u00e9clat d\u2019un astre disparu, sans songer que la lumi\u00e8re met du temps \u00e0 rena\u00eetre apr\u00e8s un trou noir. <a href=\"https:\/\/www.mouclier.com\/index.php\/2024\/mcqueen-le-chant-du-retour\/\"><strong><em>Pour lire plus cliquer ici<\/em><\/strong><\/a><\/p>\n<p style=\"text-align: justify;\">\n","protected":false},"author":1,"featured_media":9198,"comment_status":"closed","ping_status":"closed","sticky":false,"template":"","format":"standard","meta":[],"categories":[1],"tags":[],"_links":{"self":[{"href":"https:\/\/www.mouclier.com\/index.php\/wp-json\/wp\/v2\/posts\/9179"}],"collection":[{"href":"https:\/\/www.mouclier.com\/index.php\/wp-json\/wp\/v2\/posts"}],"about":[{"href":"https:\/\/www.mouclier.com\/index.php\/wp-json\/wp\/v2\/types\/post"}],"author":[{"embeddable":true,"href":"https:\/\/www.mouclier.com\/index.php\/wp-json\/wp\/v2\/users\/1"}],"replies":[{"embeddable":true,"href":"https:\/\/www.mouclier.com\/index.php\/wp-json\/wp\/v2\/comments?post=9179"}],"version-history":[{"count":12,"href":"https:\/\/www.mouclier.com\/index.php\/wp-json\/wp\/v2\/posts\/9179\/revisions"}],"predecessor-version":[{"id":9201,"href":"https:\/\/www.mouclier.com\/index.php\/wp-json\/wp\/v2\/posts\/9179\/revisions\/9201"}],"wp:featuredmedia":[{"embeddable":true,"href":"https:\/\/www.mouclier.com\/index.php\/wp-json\/wp\/v2\/media\/9198"}],"wp:attachment":[{"href":"https:\/\/www.mouclier.com\/index.php\/wp-json\/wp\/v2\/media?parent=9179"}],"wp:term":[{"taxonomy":"category","embeddable":true,"href":"https:\/\/www.mouclier.com\/index.php\/wp-json\/wp\/v2\/categories?post=9179"},{"taxonomy":"post_tag","embeddable":true,"href":"https:\/\/www.mouclier.com\/index.php\/wp-json\/wp\/v2\/tags?post=9179"}],"curies":[{"name":"wp","href":"https:\/\/api.w.org\/{rel}","templated":true}]}}