{"id":9170,"date":"2025-10-06T08:07:52","date_gmt":"2025-10-06T06:07:52","guid":{"rendered":"https:\/\/www.mouclier.com\/?p=9170"},"modified":"2025-10-06T08:07:52","modified_gmt":"2025-10-06T06:07:52","slug":"chloe-le-mausolee-de-la-nostalgie","status":"publish","type":"post","link":"https:\/\/www.mouclier.com\/index.php\/2025\/10\/06\/chloe-le-mausolee-de-la-nostalgie\/","title":{"rendered":"CHLO\u00c9 LE MAUSOL\u00c9E DE LA NOSTALGIE"},"content":{"rendered":"<p style=\"text-align: justify;\">Chlo\u00e9, cette maison parisienne, apr\u00e8s Karl, s\u2019imagine encore que la mode est un r\u00eave et non une marchandise, un souffle et non un calcul. Voil\u00e0 qu\u2019une nouvelle pr\u00eatresse, Chemena Kamali, s\u2019avance, drap\u00e9e dans les fant\u00f4mes de Karl Lagerfeld et les illusions d\u2019un soleil qui n\u2019existe plus. On nous parle de nonchalance ensoleill\u00e9e, de f\u00e9minit\u00e9 naturelle, d\u2019\u00e9lan juv\u00e9nile, comme si la jeunesse n\u2019\u00e9tait pas d\u00e9j\u00e0 la chose la plus surexploit\u00e9e de l\u2019industrie et de la f\u00e9minit\u00e9, la plus travestie.<\/p>\n<p style=\"text-align: justify;\" data-start=\"684\" data-end=\"1087\">Elle fouille les archives, exhume des \u00e9toffes, ressuscite des fleurs fan\u00e9es pour leur faire croire qu\u2019elles vivent encore. Elle croit r\u00e9inventer le pass\u00e9 alors qu\u2019elle le r\u00e9cite comme une pri\u00e8re dont elle ignore le sens. Et sous pr\u00e9texte d\u2019hommage, elle transforme la nostalgie en commerce : les ann\u00e9es 70 et 80, ces \u00e2ges d\u2019or que l\u2019on vend d\u00e9sormais en centim\u00e8tres de tissu et en hashtags bien polis.<\/p>\n<p style=\"text-align: justify;\" data-start=\"1089\" data-end=\"1466\">On nous dit qu\u2019elle se d\u00e9voile davantage, mais le printemps dont elle parle ne sent pas la pluie ni la terre, mais l\u2019amidon et le marketing. Ces robes \u00ab\u00a0baby doll\u00a0\u00bb et ces maillots de bain d\u2019atelier \u00e9voquent moins le corps f\u00e9minin que son id\u00e9e format\u00e9e, polie et bonne \u00e0 photographier.<\/p>\n<p style=\"text-align: justify;\" data-start=\"1468\" data-end=\"1759\">On \u00e9voque, pieusement, Gaby Aghion, pionni\u00e8re du pr\u00eat-\u00e0-porter de luxe, comme on \u00e9voquerait une sainte dont on aurait oubli\u00e9 la foi. Ses d\u00e9fil\u00e9s au Caf\u00e9 de Flore, ses r\u00eaves d\u2019ind\u00e9pendance et de sensualit\u00e9 l\u00e9g\u00e8re, tout cela n\u2019est plus qu\u2019un parfum qui s\u2019\u00e9vapore \u00e0 mesure qu\u2019on le cite.<\/p>\n<p style=\"text-align: justify;\" data-start=\"1761\" data-end=\"2042\">Les motifs floraux du Miami des ann\u00e9es 50 ne sont plus des fleurs, mais des reliques imprim\u00e9es sur coton, des souvenirs qu\u2019on lave \u00e0 30 degr\u00e9s. M\u00eame les manteaux cocons et les chemisiers courts semblent vouloir s\u2019excuser d\u2019exister, fr\u00f4lant le volume, mais jamais la d\u00e9mesure.<\/p>\n<p style=\"text-align: justify;\" data-start=\"2044\" data-end=\"2404\">La vraie mode n\u2019a jamais eu besoin d\u2019archives ni de d\u00e9fil\u00e9s ! Elle na\u00eet d\u2019un battement de c\u0153ur, d\u2019une insolence, d\u2019un \u00e9clat de rire au coin d\u2019une rue. Mais \u00e0 force de vouloir ressusciter son pass\u00e9, la maison court le risque de devenir un mausol\u00e9e bien \u00e9clair\u00e9, o\u00f9 les mannequins d\u00e9filent comme des spectres v\u00eatus de jolies intentions.<\/p>\n<p style=\"text-align: justify;\" data-start=\"2044\" data-end=\"2404\">FM<\/p>\n<div id='gallery-1' class='gallery galleryid-9170 gallery-columns-2 gallery-size-large'><figure class='gallery-item'>\n\t\t\t<div class='gallery-icon portrait'>\n\t\t\t\t<a href='https:\/\/www.mouclier.com\/index.php\/2025\/10\/06\/chloe-le-mausolee-de-la-nostalgie\/chloe2\/'><img width=\"576\" height=\"862\" src=\"https:\/\/www.mouclier.com\/wp-content\/uploads\/2025\/10\/CHLOE2.jpg\" class=\"attachment-large size-large\" alt=\"\" decoding=\"async\" loading=\"lazy\" srcset=\"https:\/\/www.mouclier.com\/wp-content\/uploads\/2025\/10\/CHLOE2.jpg 576w, https:\/\/www.mouclier.com\/wp-content\/uploads\/2025\/10\/CHLOE2-200x300.jpg 200w, https:\/\/www.mouclier.com\/wp-content\/uploads\/2025\/10\/CHLOE2-435x651.jpg 435w\" sizes=\"(max-width: 576px) 100vw, 576px\" \/><\/a>\n\t\t\t<\/div><\/figure><figure class='gallery-item'>\n\t\t\t<div class='gallery-icon portrait'>\n\t\t\t\t<a href='https:\/\/www.mouclier.com\/index.php\/2025\/10\/06\/chloe-le-mausolee-de-la-nostalgie\/chloe3\/'><img width=\"576\" height=\"862\" src=\"https:\/\/www.mouclier.com\/wp-content\/uploads\/2025\/10\/CHLOE3.jpg\" class=\"attachment-large size-large\" alt=\"\" decoding=\"async\" loading=\"lazy\" srcset=\"https:\/\/www.mouclier.com\/wp-content\/uploads\/2025\/10\/CHLOE3.jpg 576w, https:\/\/www.mouclier.com\/wp-content\/uploads\/2025\/10\/CHLOE3-200x300.jpg 200w, https:\/\/www.mouclier.com\/wp-content\/uploads\/2025\/10\/CHLOE3-435x651.jpg 435w\" sizes=\"(max-width: 576px) 100vw, 576px\" \/><\/a>\n\t\t\t<\/div><\/figure>\n\t\t<\/div>\n\n","protected":false},"excerpt":{"rendered":"<p style=\"text-align: justify;\">Chlo\u00e9, cette maison parisienne, apr\u00e8s Karl, s\u2019imagine encore que la mode est un r\u00eave et non une marchandise, un souffle et non un calcul. Voil\u00e0 qu\u2019une nouvelle pr\u00eatresse, Chemena Kamali, s\u2019avance, drap\u00e9e dans les fant\u00f4mes de Karl Lagerfeld et les illusions d\u2019un soleil qui n\u2019existe plus. On nous parle de nonchalance ensoleill\u00e9e, de f\u00e9minit\u00e9 naturelle, d\u2019\u00e9lan juv\u00e9nile, comme si la jeunesse n\u2019\u00e9tait pas d\u00e9j\u00e0 la chose la plus surexploit\u00e9e de l\u2019industrie et de la f\u00e9minit\u00e9, la plus travestie. <a href=\"https:\/\/www.mouclier.com\/index.php\/2024\/chloe-le-mausolee-de-la-nostalgie\/\"><strong><em>Pour lire plus cliquer ici<\/em><\/strong><\/a><\/p>\n<p style=\"text-align: justify;\">\n","protected":false},"author":1,"featured_media":9172,"comment_status":"closed","ping_status":"closed","sticky":false,"template":"","format":"standard","meta":[],"categories":[1],"tags":[],"_links":{"self":[{"href":"https:\/\/www.mouclier.com\/index.php\/wp-json\/wp\/v2\/posts\/9170"}],"collection":[{"href":"https:\/\/www.mouclier.com\/index.php\/wp-json\/wp\/v2\/posts"}],"about":[{"href":"https:\/\/www.mouclier.com\/index.php\/wp-json\/wp\/v2\/types\/post"}],"author":[{"embeddable":true,"href":"https:\/\/www.mouclier.com\/index.php\/wp-json\/wp\/v2\/users\/1"}],"replies":[{"embeddable":true,"href":"https:\/\/www.mouclier.com\/index.php\/wp-json\/wp\/v2\/comments?post=9170"}],"version-history":[{"count":4,"href":"https:\/\/www.mouclier.com\/index.php\/wp-json\/wp\/v2\/posts\/9170\/revisions"}],"predecessor-version":[{"id":9184,"href":"https:\/\/www.mouclier.com\/index.php\/wp-json\/wp\/v2\/posts\/9170\/revisions\/9184"}],"wp:featuredmedia":[{"embeddable":true,"href":"https:\/\/www.mouclier.com\/index.php\/wp-json\/wp\/v2\/media\/9172"}],"wp:attachment":[{"href":"https:\/\/www.mouclier.com\/index.php\/wp-json\/wp\/v2\/media?parent=9170"}],"wp:term":[{"taxonomy":"category","embeddable":true,"href":"https:\/\/www.mouclier.com\/index.php\/wp-json\/wp\/v2\/categories?post=9170"},{"taxonomy":"post_tag","embeddable":true,"href":"https:\/\/www.mouclier.com\/index.php\/wp-json\/wp\/v2\/tags?post=9170"}],"curies":[{"name":"wp","href":"https:\/\/api.w.org\/{rel}","templated":true}]}}