{"id":9155,"date":"2025-10-05T17:21:58","date_gmt":"2025-10-05T15:21:58","guid":{"rendered":"https:\/\/www.mouclier.com\/?p=9155"},"modified":"2025-10-05T17:21:58","modified_gmt":"2025-10-05T15:21:58","slug":"valentino-le-rouge-et-le-delire","status":"publish","type":"post","link":"https:\/\/www.mouclier.com\/index.php\/2025\/10\/05\/valentino-le-rouge-et-le-delire\/","title":{"rendered":"VALENTINO  LE ROUGE ET LE D\u00c9LIRE"},"content":{"rendered":"<p style=\"text-align: justify;\">Il est vrai qu\u2019apr\u00e8s avoir transform\u00e9 Gucci en bazar v\u00e9nitien pour enfants de la lune, Alessandro Michele n\u2019allait pas soudainement se mettre \u00e0 faire du minimalisme chez Valentino. Mais, fallait-il pour autant repeindre Rome aux couleurs de Saint-Germain-des-Pr\u00e9s apr\u00e8s un mauvais trip \u00e0 San Francisco ?<\/p>\n<p style=\"text-align: justify;\" data-start=\"435\" data-end=\"996\">Dimanche, \u00e0 l&rsquo;heure de la sieste, \u00e0 la Piazza Dati, temple sacr\u00e9 de la couture Italo-parisienne, le sanctuaire n\u00e9o-hippie sous LSD, Michele a pr\u00e9sent\u00e9 sa grande messe pour Valentino. Le d\u00e9cor ? Une salle sombre avec \u00e9clairage au plafond qui a \u00e9nerv\u00e9 Di Meo assis \u00e0 c\u00f4t\u00e9 de Marisa, maquill\u00e9e comme une voiture vol\u00e9e. Un festival de mode inclusif sponsoris\u00e9 par une marque de couleur Pantone.<\/p>\n<p style=\"text-align: justify;\" data-start=\"998\" data-end=\"1415\">Sur le podium, une procession d\u2019anges baroques v\u00eatus de taffetas froiss\u00e9s, de dentelles et de drap\u00e9s rappelant vaguement un rideau d\u2019op\u00e9ra trop repass\u00e9. Les mannequins semblaient r\u00e9citer une pri\u00e8re pa\u00efenne \u00e0 la beaut\u00e9 perdue, r\u00e9p\u00e9tant jusqu&rsquo;ici tout va bien. C\u2019\u00e9tait du Michele pur jus : un m\u00e9lange de bourgoise en recherche de sex,, et un vide-grenier chic de Notting Hill.<\/p>\n<p style=\"text-align: justify;\" data-start=\"1417\" data-end=\"1758\">Les fans qui crie au g\u00e9nie et les investisseurs, eux, ont simplement cri\u00e9. Le nouveau Valentino, para\u00eet-il, veut \u00ab reconnecter l\u2019\u00e2me de la maison avec la jeunesse du monde \u00bb. Traduction : vendre des chemises type Zara \u00e0 des Gen Z persuad\u00e9s que la nostalgie, c\u2019est durable et la fabrication en r\u00e9alis\u00e9 en chine. Le tout, \u00e9videmment, \u00e0 des prix qui feraient p\u00e2lir une princesse saoudienne.<\/p>\n<p style=\"text-align: justify;\" data-start=\"1760\" data-end=\"2059\">Valentino r\u00eavait d\u2019une femme divine., Michele, lui, nous offre une pr\u00eatresse cosmique qui a oubli\u00e9 de payer son loyer. Si le comte Garavani voyait \u00e7a, il demanderait qu\u2019on lui rende son rouge et son silence. Mais, rendons-lui justice : dans ce chaos esth\u00e9tique, il y a quelque chose de sinc\u00e8re mais surtout des coupes parfaitement ajust\u00e9es. Michele croit vraiment \u00e0 son op\u00e9ra d\u2019orf\u00e8vre, c\u2019est juste que, parfois, la po\u00e9sie co\u00fbte un peu cher, notamment quand elle est vendue au m\u00e8tre.<\/p>\n<p style=\"text-align: justify;\" data-start=\"2306\" data-end=\"2310\">FM<\/p>\n<div id='gallery-1' class='gallery galleryid-9155 gallery-columns-1 gallery-size-large'><figure class='gallery-item'>\n\t\t\t<div class='gallery-icon portrait'>\n\t\t\t\t<a href='https:\/\/www.mouclier.com\/index.php\/2025\/10\/05\/valentino-le-rouge-et-le-delire\/valentino4-2\/'><img width=\"683\" height=\"1024\" src=\"https:\/\/www.mouclier.com\/wp-content\/uploads\/2025\/10\/VALENTINO4-683x1024.jpg\" class=\"attachment-large size-large\" alt=\"\" decoding=\"async\" loading=\"lazy\" srcset=\"https:\/\/www.mouclier.com\/wp-content\/uploads\/2025\/10\/VALENTINO4-683x1024.jpg 683w, https:\/\/www.mouclier.com\/wp-content\/uploads\/2025\/10\/VALENTINO4-200x300.jpg 200w, https:\/\/www.mouclier.com\/wp-content\/uploads\/2025\/10\/VALENTINO4-768x1152.jpg 768w, https:\/\/www.mouclier.com\/wp-content\/uploads\/2025\/10\/VALENTINO4-730x1095.jpg 730w, https:\/\/www.mouclier.com\/wp-content\/uploads\/2025\/10\/VALENTINO4-435x653.jpg 435w, https:\/\/www.mouclier.com\/wp-content\/uploads\/2025\/10\/VALENTINO4.jpg 1000w\" sizes=\"(max-width: 683px) 100vw, 683px\" \/><\/a>\n\t\t\t<\/div><\/figure>\n\t\t<\/div>\n\n","protected":false},"excerpt":{"rendered":"<p style=\"text-align: justify;\">Il est vrai qu\u2019apr\u00e8s avoir transform\u00e9 Gucci en bazar v\u00e9nitien pour enfants de la lune, Alessandro Michele n\u2019allait pas soudainement se mettre \u00e0 faire du minimalisme chez Valentino. Mais, fallait-il pour autant repeindre Rome aux couleurs de Saint-Germain-des-Pr\u00e9s apr\u00e8s un mauvais trip \u00e0 San Francisco ? <a href=\"https:\/\/www.mouclier.com\/index.php\/2024\/valentino-le-rouge-et-le-delire\/\"><strong><em>Pour lire plus cliquer ici<\/em><\/strong><\/a><\/p>\n<p style=\"text-align: justify;\">\n","protected":false},"author":1,"featured_media":9168,"comment_status":"closed","ping_status":"closed","sticky":false,"template":"","format":"standard","meta":[],"categories":[1],"tags":[],"_links":{"self":[{"href":"https:\/\/www.mouclier.com\/index.php\/wp-json\/wp\/v2\/posts\/9155"}],"collection":[{"href":"https:\/\/www.mouclier.com\/index.php\/wp-json\/wp\/v2\/posts"}],"about":[{"href":"https:\/\/www.mouclier.com\/index.php\/wp-json\/wp\/v2\/types\/post"}],"author":[{"embeddable":true,"href":"https:\/\/www.mouclier.com\/index.php\/wp-json\/wp\/v2\/users\/1"}],"replies":[{"embeddable":true,"href":"https:\/\/www.mouclier.com\/index.php\/wp-json\/wp\/v2\/comments?post=9155"}],"version-history":[{"count":8,"href":"https:\/\/www.mouclier.com\/index.php\/wp-json\/wp\/v2\/posts\/9155\/revisions"}],"predecessor-version":[{"id":9169,"href":"https:\/\/www.mouclier.com\/index.php\/wp-json\/wp\/v2\/posts\/9155\/revisions\/9169"}],"wp:featuredmedia":[{"embeddable":true,"href":"https:\/\/www.mouclier.com\/index.php\/wp-json\/wp\/v2\/media\/9168"}],"wp:attachment":[{"href":"https:\/\/www.mouclier.com\/index.php\/wp-json\/wp\/v2\/media?parent=9155"}],"wp:term":[{"taxonomy":"category","embeddable":true,"href":"https:\/\/www.mouclier.com\/index.php\/wp-json\/wp\/v2\/categories?post=9155"},{"taxonomy":"post_tag","embeddable":true,"href":"https:\/\/www.mouclier.com\/index.php\/wp-json\/wp\/v2\/tags?post=9155"}],"curies":[{"name":"wp","href":"https:\/\/api.w.org\/{rel}","templated":true}]}}