{"id":9136,"date":"2025-10-05T07:46:09","date_gmt":"2025-10-05T05:46:09","guid":{"rendered":"https:\/\/www.mouclier.com\/?p=9136"},"modified":"2025-10-05T07:46:09","modified_gmt":"2025-10-05T05:46:09","slug":"balenciaga-renaissance-italienne","status":"publish","type":"post","link":"https:\/\/www.mouclier.com\/index.php\/2025\/10\/05\/balenciaga-renaissance-italienne\/","title":{"rendered":"BALENCIAGA RENAISSANCE ITALIENNE"},"content":{"rendered":"<p style=\"text-align: justify;\">La maison Balenciaga, fond\u00e9e par le ma\u00eetre de Getaria, entre dans une nouvelle \u00e8re. D\u00e9sormais, c\u2019est l\u2019Italien Pierpaolo Piccioli, ancien directeur artistique de Valentino, qui en tient les r\u00eanes. Un tournant audacieux pour la marque historique, connue pour son avant-gardisme et son sens du volume.<\/p>\n<p style=\"text-align: justify;\" data-start=\"524\" data-end=\"975\">Pour son tout premier d\u00e9fil\u00e9 \u00e0 la t\u00eate de Balenciaga, le cr\u00e9ateur romain a b\u00e9n\u00e9fici\u00e9 d\u2019un soutien aussi prestigieux qu\u2019inattendu : Meghan Markle elle-m\u00eame. La duchesse de Sussex a fait le d\u00e9placement \u00e0 Paris pour assister \u00e0 cette pr\u00e9sentation tr\u00e8s attendue, marquant ainsi sa premi\u00e8re apparition \u00e0 la Fashion Week parisienne. Une pr\u00e9sence symbolique, qui souligne la dimension internationale et culturelle du renouveau de Balenciaga.<\/p>\n<p style=\"text-align: justify;\" data-start=\"977\" data-end=\"1312\">Entre h\u00e9ritage espagnol, \u00e9l\u00e9gance italienne et influence mondiale, Pierpaolo Piccioli semble d\u00e9j\u00e0 pr\u00eat \u00e0 red\u00e9finir l\u2019identit\u00e9 de la maison, et confirme ce que je dis depuis toujours ; des deux chez Valentino, c&rsquo;\u00e9tait lui le cr\u00e9ateur et non pas la Maria Grazia Chiuri. Son approche po\u00e9tique et humaniste de la mode promet d\u2019apporter une sensibilit\u00e9 nouvelle \u00e0 l\u2019univers parfois brutal de Balenciaga, une rencontre entre rigueur architecturale et \u00e9motion pure. Le message est clair : Balenciaga ouvre un nouveau chapitre, et tout le monde veut en \u00eatre t\u00e9moin. All\u00e9luia !!<\/p>\n<p data-start=\"977\" data-end=\"1312\">FM<\/p>\n<div id='gallery-1' class='gallery galleryid-9136 gallery-columns-2 gallery-size-large'><figure class='gallery-item'>\n\t\t\t<div class='gallery-icon portrait'>\n\t\t\t\t<a href='https:\/\/www.mouclier.com\/index.php\/2025\/10\/05\/balenciaga-renaissance-italienne\/balenciaga1b\/'><img width=\"638\" height=\"952\" src=\"https:\/\/www.mouclier.com\/wp-content\/uploads\/2025\/10\/balenciaga1b.jpg\" class=\"attachment-large size-large\" alt=\"\" decoding=\"async\" loading=\"lazy\" srcset=\"https:\/\/www.mouclier.com\/wp-content\/uploads\/2025\/10\/balenciaga1b.jpg 638w, https:\/\/www.mouclier.com\/wp-content\/uploads\/2025\/10\/balenciaga1b-201x300.jpg 201w, https:\/\/www.mouclier.com\/wp-content\/uploads\/2025\/10\/balenciaga1b-435x649.jpg 435w\" sizes=\"(max-width: 638px) 100vw, 638px\" \/><\/a>\n\t\t\t<\/div><\/figure><figure class='gallery-item'>\n\t\t\t<div class='gallery-icon portrait'>\n\t\t\t\t<a href='https:\/\/www.mouclier.com\/index.php\/2025\/10\/05\/balenciaga-renaissance-italienne\/balenciaga2b\/'><img width=\"638\" height=\"952\" src=\"https:\/\/www.mouclier.com\/wp-content\/uploads\/2025\/10\/balenciaga2b.jpg\" class=\"attachment-large size-large\" alt=\"\" decoding=\"async\" loading=\"lazy\" srcset=\"https:\/\/www.mouclier.com\/wp-content\/uploads\/2025\/10\/balenciaga2b.jpg 638w, https:\/\/www.mouclier.com\/wp-content\/uploads\/2025\/10\/balenciaga2b-201x300.jpg 201w, https:\/\/www.mouclier.com\/wp-content\/uploads\/2025\/10\/balenciaga2b-435x649.jpg 435w\" sizes=\"(max-width: 638px) 100vw, 638px\" \/><\/a>\n\t\t\t<\/div><\/figure><figure class='gallery-item'>\n\t\t\t<div class='gallery-icon portrait'>\n\t\t\t\t<a href='https:\/\/www.mouclier.com\/index.php\/2025\/10\/05\/balenciaga-renaissance-italienne\/balenciaga3b\/'><img width=\"638\" height=\"952\" src=\"https:\/\/www.mouclier.com\/wp-content\/uploads\/2025\/10\/balenciaga3b.jpg\" class=\"attachment-large size-large\" alt=\"\" decoding=\"async\" loading=\"lazy\" srcset=\"https:\/\/www.mouclier.com\/wp-content\/uploads\/2025\/10\/balenciaga3b.jpg 638w, https:\/\/www.mouclier.com\/wp-content\/uploads\/2025\/10\/balenciaga3b-201x300.jpg 201w, https:\/\/www.mouclier.com\/wp-content\/uploads\/2025\/10\/balenciaga3b-435x649.jpg 435w\" sizes=\"(max-width: 638px) 100vw, 638px\" \/><\/a>\n\t\t\t<\/div><\/figure><figure class='gallery-item'>\n\t\t\t<div class='gallery-icon portrait'>\n\t\t\t\t<a href='https:\/\/www.mouclier.com\/index.php\/2025\/10\/05\/balenciaga-renaissance-italienne\/balenciaga4b\/'><img width=\"638\" height=\"952\" src=\"https:\/\/www.mouclier.com\/wp-content\/uploads\/2025\/10\/balenciaga4b.jpg\" class=\"attachment-large size-large\" alt=\"\" decoding=\"async\" loading=\"lazy\" srcset=\"https:\/\/www.mouclier.com\/wp-content\/uploads\/2025\/10\/balenciaga4b.jpg 638w, https:\/\/www.mouclier.com\/wp-content\/uploads\/2025\/10\/balenciaga4b-201x300.jpg 201w, https:\/\/www.mouclier.com\/wp-content\/uploads\/2025\/10\/balenciaga4b-435x649.jpg 435w\" sizes=\"(max-width: 638px) 100vw, 638px\" \/><\/a>\n\t\t\t<\/div><\/figure>\n\t\t<\/div>\n\n<p><iframe loading=\"lazy\" title=\"YouTube video player\" src=\"https:\/\/www.youtube.com\/embed\/yQSeNQMG-D8?si=i7A0OeqpkaUBpmIM\" width=\"760\" height=\"515\" frameborder=\"0\" allowfullscreen=\"allowfullscreen\"><\/iframe><\/p>\n","protected":false},"excerpt":{"rendered":"<p style=\"text-align: justify;\">La maison Balenciaga, fond\u00e9e par le ma\u00eetre de Getaria, entre dans une nouvelle \u00e8re. D\u00e9sormais, c\u2019est l\u2019Italien Pierpaolo Piccioli, ancien directeur artistique de Valentino, qui en tient les r\u00eanes. Un tournant audacieux pour la marque historique, connue pour son avant-gardisme et son sens du volume. <a href=\"https:\/\/www.mouclier.com\/index.php\/2024\/balenciaga-renaissance-italienne\/\"><strong><em>Pour lire plus cliquer ici<\/em><\/strong><\/a><\/p>\n<p style=\"text-align: justify;\">\n","protected":false},"author":1,"featured_media":9151,"comment_status":"closed","ping_status":"closed","sticky":false,"template":"","format":"standard","meta":[],"categories":[1],"tags":[],"_links":{"self":[{"href":"https:\/\/www.mouclier.com\/index.php\/wp-json\/wp\/v2\/posts\/9136"}],"collection":[{"href":"https:\/\/www.mouclier.com\/index.php\/wp-json\/wp\/v2\/posts"}],"about":[{"href":"https:\/\/www.mouclier.com\/index.php\/wp-json\/wp\/v2\/types\/post"}],"author":[{"embeddable":true,"href":"https:\/\/www.mouclier.com\/index.php\/wp-json\/wp\/v2\/users\/1"}],"replies":[{"embeddable":true,"href":"https:\/\/www.mouclier.com\/index.php\/wp-json\/wp\/v2\/comments?post=9136"}],"version-history":[{"count":11,"href":"https:\/\/www.mouclier.com\/index.php\/wp-json\/wp\/v2\/posts\/9136\/revisions"}],"predecessor-version":[{"id":9153,"href":"https:\/\/www.mouclier.com\/index.php\/wp-json\/wp\/v2\/posts\/9136\/revisions\/9153"}],"wp:featuredmedia":[{"embeddable":true,"href":"https:\/\/www.mouclier.com\/index.php\/wp-json\/wp\/v2\/media\/9151"}],"wp:attachment":[{"href":"https:\/\/www.mouclier.com\/index.php\/wp-json\/wp\/v2\/media?parent=9136"}],"wp:term":[{"taxonomy":"category","embeddable":true,"href":"https:\/\/www.mouclier.com\/index.php\/wp-json\/wp\/v2\/categories?post=9136"},{"taxonomy":"post_tag","embeddable":true,"href":"https:\/\/www.mouclier.com\/index.php\/wp-json\/wp\/v2\/tags?post=9136"}],"curies":[{"name":"wp","href":"https:\/\/api.w.org\/{rel}","templated":true}]}}