{"id":8981,"date":"2025-10-01T06:00:14","date_gmt":"2025-10-01T04:00:14","guid":{"rendered":"https:\/\/www.mouclier.com\/?p=8981"},"modified":"2025-10-01T06:45:48","modified_gmt":"2025-10-01T04:45:48","slug":"fendi-soffre-la-monotonie-de-maria-chiuri","status":"publish","type":"post","link":"https:\/\/www.mouclier.com\/index.php\/2025\/10\/01\/fendi-soffre-la-monotonie-de-maria-chiuri\/","title":{"rendered":"FENDI S&rsquo;OFFRE LA MONOTONIE DE MARIA CHIURI"},"content":{"rendered":"<p style=\"text-align: justify;\">Fendi a tranch\u00e9 pardon le seigneur, et c\u2019est Maria Grazia Chiuri qui prend la direction artistique de la maison romaine.\u00a0Cette nomination survient dans un contexte de r\u00e9organisation chaotique : le d\u00e9part de Kim Jones, cens\u00e9 incarner le souffle cr\u00e9atif de la haute couture et du pr\u00eat-\u00e0-porter, a laiss\u00e9 un vide que Fendi tente aujourd\u2019hui de combler en h\u00e2te. Silvia Venturini Fendi, elle, est pri\u00e9e de prendre du recul, rel\u00e9gu\u00e9e au r\u00f4le plus symbolique de pr\u00e9sidente d\u2019honneur, mais compte tenu de sa derni\u00e8re collection, ce n&rsquo;est pas \u00e9tonnant.<\/p>\n<p style=\"text-align: justify;\" data-start=\"895\" data-end=\"1327\">Reste la question qui f\u00e2che Maria Grazia Chiuri est-elle vraiment l\u2019incarnation du futur de Fendi ? Ses ann\u00e9es chez Dior ont laiss\u00e9 un go\u00fbt mitig\u00e9. Encens\u00e9e pour ses slogans f\u00e9ministes, critiqu\u00e9e pour un style jug\u00e9 r\u00e9p\u00e9titif, la cr\u00e9atrice italienne ne fait pas l\u2019unanimit\u00e9. Avant cela, chez Valentino, elle travaillait en bin\u00f4me avec Pierpaolo Piccioli\u2026 et certains se demandent toujours si c\u2019\u00e9tait vraiment elle l\u2019\u00e2me du duo.<\/p>\n<p style=\"text-align: justify;\" data-start=\"1329\" data-end=\"1596\">Avec cette nomination, Fendi joue la carte de la rupture, mais aussi du risque. Maria Grazia Chiuri devient la premi\u00e8re femme \u00e0 prendre en main l\u2019int\u00e9gralit\u00e9 de la cr\u00e9ation de la maison. Un symbole fort, certes, mais qui ne suffira pas \u00e0 faire taire les sceptiques dont je fait partis.<\/p>\n<p style=\"text-align: justify;\" data-start=\"1598\" data-end=\"1772\">FM<\/p>\n","protected":false},"excerpt":{"rendered":"<p style=\"text-align: justify;\">Fendi a tranch\u00e9 pardon le seigneur, et c\u2019est Maria Grazia Chiuri qui prend la direction artistique de la maison romaine.\u00a0Cette nomination survient dans un contexte de r\u00e9organisation chaotique : le d\u00e9part de Kim Jones, cens\u00e9 incarner le souffle cr\u00e9atif de la haute couture et du pr\u00eat-\u00e0-porter, a laiss\u00e9 un vide que Fendi tente aujourd\u2019hui de combler en h\u00e2te. Silvia Venturini Fendi, elle, est pri\u00e9e de prendre du recul, rel\u00e9gu\u00e9e au r\u00f4le plus symbolique de pr\u00e9sidente d\u2019honneur, mais compte tenu de sa derni\u00e8re collection, ce n&rsquo;est pas \u00e9tonnant. <a href=\"https:\/\/www.mouclier.com\/index.php\/2024\/fendi-soffre-la-monotonie-de-maria-chiuri\/\"><strong><em>Pour lire plus cliquer ici<\/em><\/strong><\/a><\/p>\n<p style=\"text-align: justify;\">\n","protected":false},"author":1,"featured_media":8984,"comment_status":"closed","ping_status":"closed","sticky":false,"template":"","format":"standard","meta":[],"categories":[1],"tags":[],"_links":{"self":[{"href":"https:\/\/www.mouclier.com\/index.php\/wp-json\/wp\/v2\/posts\/8981"}],"collection":[{"href":"https:\/\/www.mouclier.com\/index.php\/wp-json\/wp\/v2\/posts"}],"about":[{"href":"https:\/\/www.mouclier.com\/index.php\/wp-json\/wp\/v2\/types\/post"}],"author":[{"embeddable":true,"href":"https:\/\/www.mouclier.com\/index.php\/wp-json\/wp\/v2\/users\/1"}],"replies":[{"embeddable":true,"href":"https:\/\/www.mouclier.com\/index.php\/wp-json\/wp\/v2\/comments?post=8981"}],"version-history":[{"count":2,"href":"https:\/\/www.mouclier.com\/index.php\/wp-json\/wp\/v2\/posts\/8981\/revisions"}],"predecessor-version":[{"id":8983,"href":"https:\/\/www.mouclier.com\/index.php\/wp-json\/wp\/v2\/posts\/8981\/revisions\/8983"}],"wp:featuredmedia":[{"embeddable":true,"href":"https:\/\/www.mouclier.com\/index.php\/wp-json\/wp\/v2\/media\/8984"}],"wp:attachment":[{"href":"https:\/\/www.mouclier.com\/index.php\/wp-json\/wp\/v2\/media?parent=8981"}],"wp:term":[{"taxonomy":"category","embeddable":true,"href":"https:\/\/www.mouclier.com\/index.php\/wp-json\/wp\/v2\/categories?post=8981"},{"taxonomy":"post_tag","embeddable":true,"href":"https:\/\/www.mouclier.com\/index.php\/wp-json\/wp\/v2\/tags?post=8981"}],"curies":[{"name":"wp","href":"https:\/\/api.w.org\/{rel}","templated":true}]}}