{"id":8968,"date":"2025-09-30T16:52:55","date_gmt":"2025-09-30T14:52:55","guid":{"rendered":"https:\/\/www.mouclier.com\/?p=8968"},"modified":"2025-09-30T16:54:02","modified_gmt":"2025-09-30T14:54:02","slug":"madonna-god-boy-et-jocombe-en-pls","status":"publish","type":"post","link":"https:\/\/www.mouclier.com\/index.php\/2025\/09\/30\/madonna-god-boy-et-jocombe-en-pls\/","title":{"rendered":"MADONNA GOD BOY ET JOCOMBE EN PLS"},"content":{"rendered":"<p style=\"text-align: justify;\">Gros n\u0153uds et vieilles dentelles, voil\u00e0 un r\u00e9sum\u00e9 le plus fid\u00e8le possible du dernier d\u00e9fil\u00e9 de Nicolas Guesqui\u00e8re pour Vuitton. Une mise en sc\u00e8ne aussi stable qu\u2019une version de Windows 98 sous perfusion, oscillant entre hybrides bancals et copi\u00e9s-coll\u00e9s de la Fashion Week de Milan. On sent que l\u2019inspiration a fait un d\u00e9tour par Malpensa avant de d\u00e9coller.<\/p>\n<p style=\"text-align: justify;\">Mais l\u2019ambition r\u00e9elle, c\u2019est de pousser la marque jusque dans les entrailles du Louvre, \u00e0 grands coups de tapis rouge. R\u00e9sultat, Madonna d\u00e9boule avec son \u00ab god boy \u00bb le seul jeune homme qui a l\u2019air de porter son sac pour aller \u00e0 la maternelle, pendant qu\u2019une arm\u00e9e de figurants sortis tout droit du catalogue Netflix fait semblant d\u2019\u00eatre \u00ab iconiques \u00bb. On croise un ex-sorcier de s\u00e9rie B, une influenceuse en mode documentaire animalier, et m\u00eame un type qui jure avoir doubl\u00e9 un dauphin dans une production espagnole. Il s\u2019agissait de poser les bases d\u2019une entr\u00e9e triomphale de la marque au Louvre, en mode \u00ab mus\u00e9ification express \u00bb.<\/p>\n<p style=\"text-align: justify;\">Cerise sur le g\u00e2teau couture : la Premi\u00e8re Dame, \u00e9g\u00e9rie autoproclam\u00e9e et \u00e9ternelle, avance comme si le tapis rouge \u00e9tait une extension du perron de l\u2019\u00c9lys\u00e9e. Sa bise au \u00ab petit Nicolas \u00bb n\u2019\u00e9tait pas un geste d\u2019affection, mais une sorte de tampon administratif : \u00ab Vu et approuv\u00e9 par la R\u00e9publique \u00bb. \u00c0 ce niveau, on ne parle plus de mode, mais de diplomatie textile.<\/p>\n<p style=\"text-align: justify;\">Victime collat\u00e9rale le Louvre qui d\u00e9sormais se demande s\u2019il ne faut pas remplacer la Joconde par une photo Instagram de la Wintour et son brushing nucl\u00e9aire. L\u2019Histoire avec un grand H tremble \u00e0 l\u2019id\u00e9e de cohabiter avec un bustier en plastique recycl\u00e9 et une robe cousue \u00e0 la h\u00e2te, Victoire de Samothrace, mais en marbre&#8230;<\/p>\n<p style=\"text-align: justify;\">FM<\/p>\n<div id='gallery-1' class='gallery galleryid-8968 gallery-columns-2 gallery-size-large'><figure class='gallery-item'>\n\t\t\t<div class='gallery-icon portrait'>\n\t\t\t\t<a href='https:\/\/www.mouclier.com\/index.php\/2025\/09\/30\/madonna-god-boy-et-jocombe-en-pls\/vuitton1-3\/'><img width=\"571\" height=\"866\" src=\"https:\/\/www.mouclier.com\/wp-content\/uploads\/2025\/09\/vuitton1.png\" class=\"attachment-large size-large\" alt=\"\" decoding=\"async\" loading=\"lazy\" srcset=\"https:\/\/www.mouclier.com\/wp-content\/uploads\/2025\/09\/vuitton1.png 571w, https:\/\/www.mouclier.com\/wp-content\/uploads\/2025\/09\/vuitton1-198x300.png 198w, https:\/\/www.mouclier.com\/wp-content\/uploads\/2025\/09\/vuitton1-435x660.png 435w\" sizes=\"(max-width: 571px) 100vw, 571px\" \/><\/a>\n\t\t\t<\/div><\/figure><figure class='gallery-item'>\n\t\t\t<div class='gallery-icon portrait'>\n\t\t\t\t<a href='https:\/\/www.mouclier.com\/index.php\/2025\/09\/30\/madonna-god-boy-et-jocombe-en-pls\/vuitton2-6\/'><img width=\"571\" height=\"866\" src=\"https:\/\/www.mouclier.com\/wp-content\/uploads\/2025\/09\/vuitton2.png\" class=\"attachment-large size-large\" alt=\"\" decoding=\"async\" loading=\"lazy\" srcset=\"https:\/\/www.mouclier.com\/wp-content\/uploads\/2025\/09\/vuitton2.png 571w, https:\/\/www.mouclier.com\/wp-content\/uploads\/2025\/09\/vuitton2-198x300.png 198w, https:\/\/www.mouclier.com\/wp-content\/uploads\/2025\/09\/vuitton2-435x660.png 435w\" sizes=\"(max-width: 571px) 100vw, 571px\" \/><\/a>\n\t\t\t<\/div><\/figure>\n\t\t<\/div>\n\n","protected":false},"excerpt":{"rendered":"<p style=\"text-align: justify;\">Gros n\u0153uds et vieilles dentelles, voil\u00e0 un r\u00e9sum\u00e9 le plus fid\u00e8le possible du dernier d\u00e9fil\u00e9 de Nicolas Guesqui\u00e8re pour Vuitton. Une mise en sc\u00e8ne aussi stable qu\u2019une version de Windows 98 sous perfusion, oscillant entre hybrides bancals et copi\u00e9s-coll\u00e9s de la Fashion Week de Milan. On sent que l\u2019inspiration a fait un d\u00e9tour par Malpensa avant de d\u00e9coller. <a href=\"https:\/\/www.mouclier.com\/index.php\/2024\/madonna-god-boy-et-jocombe-en-pls\/\"><strong><em>Pour lire plus cliquer ici<\/em><\/strong><\/a><\/p>\n<p style=\"text-align: justify;\">\n","protected":false},"author":1,"featured_media":8975,"comment_status":"closed","ping_status":"closed","sticky":false,"template":"","format":"standard","meta":[],"categories":[1],"tags":[],"_links":{"self":[{"href":"https:\/\/www.mouclier.com\/index.php\/wp-json\/wp\/v2\/posts\/8968"}],"collection":[{"href":"https:\/\/www.mouclier.com\/index.php\/wp-json\/wp\/v2\/posts"}],"about":[{"href":"https:\/\/www.mouclier.com\/index.php\/wp-json\/wp\/v2\/types\/post"}],"author":[{"embeddable":true,"href":"https:\/\/www.mouclier.com\/index.php\/wp-json\/wp\/v2\/users\/1"}],"replies":[{"embeddable":true,"href":"https:\/\/www.mouclier.com\/index.php\/wp-json\/wp\/v2\/comments?post=8968"}],"version-history":[{"count":9,"href":"https:\/\/www.mouclier.com\/index.php\/wp-json\/wp\/v2\/posts\/8968\/revisions"}],"predecessor-version":[{"id":8980,"href":"https:\/\/www.mouclier.com\/index.php\/wp-json\/wp\/v2\/posts\/8968\/revisions\/8980"}],"wp:featuredmedia":[{"embeddable":true,"href":"https:\/\/www.mouclier.com\/index.php\/wp-json\/wp\/v2\/media\/8975"}],"wp:attachment":[{"href":"https:\/\/www.mouclier.com\/index.php\/wp-json\/wp\/v2\/media?parent=8968"}],"wp:term":[{"taxonomy":"category","embeddable":true,"href":"https:\/\/www.mouclier.com\/index.php\/wp-json\/wp\/v2\/categories?post=8968"},{"taxonomy":"post_tag","embeddable":true,"href":"https:\/\/www.mouclier.com\/index.php\/wp-json\/wp\/v2\/tags?post=8968"}],"curies":[{"name":"wp","href":"https:\/\/api.w.org\/{rel}","templated":true}]}}