{"id":8941,"date":"2025-09-30T07:39:04","date_gmt":"2025-09-30T05:39:04","guid":{"rendered":"https:\/\/www.mouclier.com\/?p=8941"},"modified":"2025-09-30T07:39:04","modified_gmt":"2025-09-30T05:39:04","slug":"armani-le-crepuscule-de-leternite","status":"publish","type":"post","link":"https:\/\/www.mouclier.com\/index.php\/2025\/09\/30\/armani-le-crepuscule-de-leternite\/","title":{"rendered":"ARMANI LE CR\u00c9PUSCULE DE L&rsquo;ETERNIT\u00c9"},"content":{"rendered":"<p style=\"text-align: justify;\">Sous les vo\u00fbtes s\u00e9culaires de la Pinacoth\u00e8que de Brera, \u00e0 l\u2019heure o\u00f9 la lumi\u00e8re d\u00e9clinante se change en cr\u00e9puscule, une c\u00e9r\u00e9monie s\u2019accomplit qui tenait du rite et du testament. C\u2019\u00e9tait le jubil\u00e9 d\u2019une maison, mais plus encore l\u2019adieu d\u2019un homme. Giorgio Armani, ce l\u00e9gislateur de l\u2019\u00e9l\u00e9gance, voyait son nom s\u2019inscrire dans la pierre et dans la m\u00e9moire, comme s\u2019inscrivent, au flanc des temples, les sentences des anciens.<\/p>\n<p style=\"text-align: justify;\" data-start=\"568\" data-end=\"1090\">Le silence environnait l\u2019\u00e9v\u00e9nement. Les protestataires Gazaouis eux-m\u00eames, mass\u00e9s aux abords du sanctuaire, retenaient leurs voix : leurs banni\u00e8res immobiles semblaient se prosterner devant la grandeur d\u2019une heure solennelle. Dans la cour pav\u00e9e, des lanternes s\u2019allum\u00e8rent, pareilles \u00e0 des astres dociles que la main du destin e\u00fbt dispos\u00e9s pour guider les pas des vivants vers le domaine des ombres. Les fauteuils, d\u2019un blanc cr\u00e9meux, alignaient leur rondeur apais\u00e9e, comme une arm\u00e9e pacifique qui gardait le passage des si\u00e8cles.<\/p>\n<p style=\"text-align: justify;\" data-start=\"1092\" data-end=\"1559\">Alors, dans cette enceinte consacr\u00e9e, vinrent prendre place les t\u00e9moins illustres : Blanchett, Close, Jackson, Spike Lee, visages dans le recueillement pour un soir, devinrent les figurants d\u2019une trag\u00e9die antique. Le piano d\u2019Einaudi \u00e9leva son chant : des notes cristallines tomb\u00e8rent de ses mains comme des larmes pour une plainte sublime, ainsi s\u2019avanc\u00e8rent les premi\u00e8res silhouettes, v\u00eatues de cette simplicit\u00e9 souveraine qu\u2019Armani avait impos\u00e9e au monde.<\/p>\n<p style=\"text-align: justify;\" data-start=\"1561\" data-end=\"2068\">D\u2019abord la rigueur des lignes, les \u00e9paules adoucies, puis, comme une mer qui s\u2019ouvre, ensuite jaillirent les bleus m\u00e9diterran\u00e9ens, les verts profonds, les lilas vaporeux. Les \u00e9toffes se mouv\u00e8rent avec la l\u00e9g\u00e8ret\u00e9 des songes, semblables \u00e0 des voiles qu\u2019un vent marin pousse vers les contr\u00e9es invisibles. On crut voir s\u2019\u00e9veiller les g\u00e9nies de l\u2019Orient, comme des r\u00e9miniscences exotiques, mais comme des figures d\u2019\u00e9ternit\u00e9 aussi.<\/p>\n<p style=\"text-align: justify;\" data-start=\"2070\" data-end=\"2482\">Ainsi se r\u00e9v\u00e9lait, dans ce dernier ouvrage, la loi du ma\u00eetre : la beaut\u00e9 devait s\u2019adresser \u00e0 tous, sans \u00e2ge, sans mesure, comme un droit naturel que la nature elle-m\u00eame conf\u00e8re aux mortels. Ce soir-l\u00e0, chacun comprit que Giorgio Armani n\u2019offrait point une collection passag\u00e8re, mais une part de son \u00e2me, d\u00e9pos\u00e9e dans la m\u00e9moire du monde, comme un flambeau qu\u2019on confie \u00e0 la nuit afin qu\u2019il \u00e9claire les si\u00e8cles.<\/p>\n<p data-start=\"2070\" data-end=\"2482\">FM<\/p>\n<div id='gallery-1' class='gallery galleryid-8941 gallery-columns-2 gallery-size-large'><figure class='gallery-item'>\n\t\t\t<div class='gallery-icon portrait'>\n\t\t\t\t<a href='https:\/\/www.mouclier.com\/index.php\/2025\/09\/30\/armani-le-crepuscule-de-leternite\/6-41\/'><img width=\"573\" height=\"873\" src=\"https:\/\/www.mouclier.com\/wp-content\/uploads\/2025\/09\/6-1.jpg\" class=\"attachment-large size-large\" alt=\"\" decoding=\"async\" loading=\"lazy\" srcset=\"https:\/\/www.mouclier.com\/wp-content\/uploads\/2025\/09\/6-1.jpg 573w, https:\/\/www.mouclier.com\/wp-content\/uploads\/2025\/09\/6-1-197x300.jpg 197w, https:\/\/www.mouclier.com\/wp-content\/uploads\/2025\/09\/6-1-435x663.jpg 435w\" sizes=\"(max-width: 573px) 100vw, 573px\" \/><\/a>\n\t\t\t<\/div><\/figure><figure class='gallery-item'>\n\t\t\t<div class='gallery-icon portrait'>\n\t\t\t\t<a href='https:\/\/www.mouclier.com\/index.php\/2025\/09\/30\/armani-le-crepuscule-de-leternite\/4-54\/'><img width=\"573\" height=\"873\" src=\"https:\/\/www.mouclier.com\/wp-content\/uploads\/2025\/09\/4-1.jpg\" class=\"attachment-large size-large\" alt=\"\" decoding=\"async\" loading=\"lazy\" srcset=\"https:\/\/www.mouclier.com\/wp-content\/uploads\/2025\/09\/4-1.jpg 573w, https:\/\/www.mouclier.com\/wp-content\/uploads\/2025\/09\/4-1-197x300.jpg 197w, https:\/\/www.mouclier.com\/wp-content\/uploads\/2025\/09\/4-1-435x663.jpg 435w\" sizes=\"(max-width: 573px) 100vw, 573px\" \/><\/a>\n\t\t\t<\/div><\/figure><figure class='gallery-item'>\n\t\t\t<div class='gallery-icon portrait'>\n\t\t\t\t<a href='https:\/\/www.mouclier.com\/index.php\/2025\/09\/30\/armani-le-crepuscule-de-leternite\/3-39\/'><img width=\"573\" height=\"873\" src=\"https:\/\/www.mouclier.com\/wp-content\/uploads\/2025\/09\/3-1.jpg\" class=\"attachment-large size-large\" alt=\"\" decoding=\"async\" loading=\"lazy\" srcset=\"https:\/\/www.mouclier.com\/wp-content\/uploads\/2025\/09\/3-1.jpg 573w, https:\/\/www.mouclier.com\/wp-content\/uploads\/2025\/09\/3-1-197x300.jpg 197w, https:\/\/www.mouclier.com\/wp-content\/uploads\/2025\/09\/3-1-435x663.jpg 435w\" sizes=\"(max-width: 573px) 100vw, 573px\" \/><\/a>\n\t\t\t<\/div><\/figure><figure class='gallery-item'>\n\t\t\t<div class='gallery-icon portrait'>\n\t\t\t\t<a href='https:\/\/www.mouclier.com\/index.php\/2025\/09\/30\/armani-le-crepuscule-de-leternite\/1-38\/'><img width=\"573\" height=\"873\" src=\"https:\/\/www.mouclier.com\/wp-content\/uploads\/2025\/09\/1-1.jpg\" class=\"attachment-large size-large\" alt=\"\" decoding=\"async\" loading=\"lazy\" srcset=\"https:\/\/www.mouclier.com\/wp-content\/uploads\/2025\/09\/1-1.jpg 573w, https:\/\/www.mouclier.com\/wp-content\/uploads\/2025\/09\/1-1-197x300.jpg 197w, https:\/\/www.mouclier.com\/wp-content\/uploads\/2025\/09\/1-1-435x663.jpg 435w\" sizes=\"(max-width: 573px) 100vw, 573px\" \/><\/a>\n\t\t\t<\/div><\/figure>\n\t\t<\/div>\n\n","protected":false},"excerpt":{"rendered":"<p style=\"text-align: justify;\">Sous les vo\u00fbtes s\u00e9culaires de la Pinacoth\u00e8que de Brera, \u00e0 l\u2019heure o\u00f9 la lumi\u00e8re d\u00e9clinante se change en cr\u00e9puscule, une c\u00e9r\u00e9monie s\u2019accomplit qui tenait du rite et du testament. C\u2019\u00e9tait le jubil\u00e9 d\u2019une maison, mais plus encore l\u2019adieu d\u2019un homme. Giorgio Armani, ce l\u00e9gislateur de l\u2019\u00e9l\u00e9gance, voyait son nom s\u2019inscrire dans la pierre et dans la m\u00e9moire, comme s\u2019inscrivent, au flanc des temples, les sentences des anciens. <\/p>\n<p style=\"text-align: justify;\">\n<p style=\"text-align: justify;\">Le silence environnait l\u2019\u00e9v\u00e9nement. Les protestataires Gazaouis eux-m\u00eames, mass\u00e9s aux abords du sanctuaire, retenaient leurs voix : leurs banni\u00e8res immobiles semblaient se prosterner devant la grandeur d\u2019une heure solennelle. <a href=\"https:\/\/www.mouclier.com\/index.php\/2024\/armani-le-crepuscule-de-leternite\/\"><strong><em>Pour lire plus cliquer ici<\/em><\/strong><\/a><\/p>\n<p style=\"text-align: justify;\">\n","protected":false},"author":1,"featured_media":8950,"comment_status":"closed","ping_status":"closed","sticky":false,"template":"","format":"standard","meta":[],"categories":[1],"tags":[],"_links":{"self":[{"href":"https:\/\/www.mouclier.com\/index.php\/wp-json\/wp\/v2\/posts\/8941"}],"collection":[{"href":"https:\/\/www.mouclier.com\/index.php\/wp-json\/wp\/v2\/posts"}],"about":[{"href":"https:\/\/www.mouclier.com\/index.php\/wp-json\/wp\/v2\/types\/post"}],"author":[{"embeddable":true,"href":"https:\/\/www.mouclier.com\/index.php\/wp-json\/wp\/v2\/users\/1"}],"replies":[{"embeddable":true,"href":"https:\/\/www.mouclier.com\/index.php\/wp-json\/wp\/v2\/comments?post=8941"}],"version-history":[{"count":6,"href":"https:\/\/www.mouclier.com\/index.php\/wp-json\/wp\/v2\/posts\/8941\/revisions"}],"predecessor-version":[{"id":8952,"href":"https:\/\/www.mouclier.com\/index.php\/wp-json\/wp\/v2\/posts\/8941\/revisions\/8952"}],"wp:featuredmedia":[{"embeddable":true,"href":"https:\/\/www.mouclier.com\/index.php\/wp-json\/wp\/v2\/media\/8950"}],"wp:attachment":[{"href":"https:\/\/www.mouclier.com\/index.php\/wp-json\/wp\/v2\/media?parent=8941"}],"wp:term":[{"taxonomy":"category","embeddable":true,"href":"https:\/\/www.mouclier.com\/index.php\/wp-json\/wp\/v2\/categories?post=8941"},{"taxonomy":"post_tag","embeddable":true,"href":"https:\/\/www.mouclier.com\/index.php\/wp-json\/wp\/v2\/tags?post=8941"}],"curies":[{"name":"wp","href":"https:\/\/api.w.org\/{rel}","templated":true}]}}