{"id":8920,"date":"2025-09-29T06:00:09","date_gmt":"2025-09-29T04:00:09","guid":{"rendered":"https:\/\/www.mouclier.com\/?p=8920"},"modified":"2025-09-28T21:06:22","modified_gmt":"2025-09-28T19:06:22","slug":"ermanno-scervino-spring-2026","status":"publish","type":"post","link":"https:\/\/www.mouclier.com\/index.php\/2025\/09\/29\/ermanno-scervino-spring-2026\/","title":{"rendered":"ERMANNO SCERVINO SPRING 2026"},"content":{"rendered":"<p style=\"text-align: justify;\">Ermanno Scervino a, une fois encore, laiss\u00e9 parler son go\u00fbt pour l\u2019exceptionnel. Port\u00e9 par sa passion des \u00e9toffes pr\u00e9cieuses et du savoir-faire proche de la haute couture, le cr\u00e9ateur a imagin\u00e9 une collection pens\u00e9e comme une d\u00e9claration d\u2019amour \u00e0 la femme. Une femme \u00e0 la fois libre, moderne et \u00e9ternellement \u00e9l\u00e9gante.<\/p>\n<p style=\"text-align: justify;\" data-start=\"515\" data-end=\"839\">Chaque pi\u00e8ce r\u00e9v\u00e8le une po\u00e9sie discr\u00e8te : des jupes l\u00e9g\u00e8res comme des nuages de chiffon se portent avec de simples sandales, transformant un geste quotidien en instant de gr\u00e2ce. Les robes fluides en satin s\u2019illuminent de d\u00e9tails inattendus, comme des mocassins frang\u00e9s ou des chaussettes d\u00e9licatement pos\u00e9es \u00e0 la cheville.<\/p>\n<p style=\"text-align: justify;\" data-start=\"841\" data-end=\"1163\">Scervino ne s\u2019adresse pas seulement \u00e0 la garde-robe ; il s\u2019adresse au c\u0153ur. Derri\u00e8re chaque coupe, chaque association\u00a0 se dessine un message : la beaut\u00e9 est partout, dans la simplicit\u00e9 comme dans l\u2019extravagance. Et surtout, la femme que l\u2019on aime m\u00e9rite que chaque jour soit une c\u00e9l\u00e9bration, du matin au soir. Non ?<\/p>\n<p data-start=\"841\" data-end=\"1163\">FM<\/p>\n","protected":false},"excerpt":{"rendered":"<p style=\"text-align: justify;\">Ermanno Scervino a, une fois encore, laiss\u00e9 parler son go\u00fbt pour l\u2019exceptionnel. Port\u00e9 par sa passion des \u00e9toffes pr\u00e9cieuses et du savoir-faire proche de la haute couture, le cr\u00e9ateur a imagin\u00e9 une collection pens\u00e9e comme une d\u00e9claration d\u2019amour \u00e0 la femme. Une femme \u00e0 la fois libre, moderne et \u00e9ternellement \u00e9l\u00e9gante. <a href=\"https:\/\/www.mouclier.com\/index.php\/2024\/ermanno-scervino-spring-2026\/\"><strong><em>Pour lire plus cliquer ici<\/em><\/strong><\/a><\/p>\n<p style=\"text-align: justify;\">\n","protected":false},"author":1,"featured_media":8923,"comment_status":"closed","ping_status":"closed","sticky":false,"template":"","format":"standard","meta":[],"categories":[1],"tags":[],"_links":{"self":[{"href":"https:\/\/www.mouclier.com\/index.php\/wp-json\/wp\/v2\/posts\/8920"}],"collection":[{"href":"https:\/\/www.mouclier.com\/index.php\/wp-json\/wp\/v2\/posts"}],"about":[{"href":"https:\/\/www.mouclier.com\/index.php\/wp-json\/wp\/v2\/types\/post"}],"author":[{"embeddable":true,"href":"https:\/\/www.mouclier.com\/index.php\/wp-json\/wp\/v2\/users\/1"}],"replies":[{"embeddable":true,"href":"https:\/\/www.mouclier.com\/index.php\/wp-json\/wp\/v2\/comments?post=8920"}],"version-history":[{"count":3,"href":"https:\/\/www.mouclier.com\/index.php\/wp-json\/wp\/v2\/posts\/8920\/revisions"}],"predecessor-version":[{"id":8924,"href":"https:\/\/www.mouclier.com\/index.php\/wp-json\/wp\/v2\/posts\/8920\/revisions\/8924"}],"wp:featuredmedia":[{"embeddable":true,"href":"https:\/\/www.mouclier.com\/index.php\/wp-json\/wp\/v2\/media\/8923"}],"wp:attachment":[{"href":"https:\/\/www.mouclier.com\/index.php\/wp-json\/wp\/v2\/media?parent=8920"}],"wp:term":[{"taxonomy":"category","embeddable":true,"href":"https:\/\/www.mouclier.com\/index.php\/wp-json\/wp\/v2\/categories?post=8920"},{"taxonomy":"post_tag","embeddable":true,"href":"https:\/\/www.mouclier.com\/index.php\/wp-json\/wp\/v2\/tags?post=8920"}],"curies":[{"name":"wp","href":"https:\/\/api.w.org\/{rel}","templated":true}]}}