{"id":8911,"date":"2025-10-01T07:20:24","date_gmt":"2025-10-01T05:20:24","guid":{"rendered":"https:\/\/www.mouclier.com\/?p=8911"},"modified":"2025-10-01T12:23:52","modified_gmt":"2025-10-01T10:23:52","slug":"dgena-dm-sacra-nova","status":"publish","type":"post","link":"https:\/\/www.mouclier.com\/index.php\/2025\/10\/01\/dgena-dm-sacra-nova\/","title":{"rendered":"DGENA DM SACRA NOVA"},"content":{"rendered":"<p style=\"text-align: justify;\">Cette collection est n\u00e9e d\u2019un serment secret entre le faste d\u2019hier et la vigueur d\u2019aujourd\u2019hui (nous dit la cr\u00e9atrice). Aux splendeurs de la cour de France, celle-ci a emprunt\u00e9 les fastes, les brocarts, les galons solennels, ainsi que les croix radieuses ; mais loin de les laisser dormir dans la poussi\u00e8re des palais, elle les a dress\u00e9s face \u00e0 l\u2019\u00e9lan sauvage de notre si\u00e8cle, pour qu\u2019ils s\u2019affrontent et se f\u00e9condent dans une \u00e9treinte \u00e9clatante.<\/p>\n<p style=\"text-align: justify;\">Chaque v\u00eatement est une cuirasse ardente : il prot\u00e8ge, il pare, il proclame. C\u2019est un langage muet qui franchit les si\u00e8cles, une grammaire de drap\u00e9s et de symboles qui s\u2019adresse aux \u00e2mes inqui\u00e8tes. Elle a fa\u00e7onn\u00e9 ces armures avec des \u00e9toffes r\u00e9g\u00e9n\u00e9r\u00e9es, des coupes fi\u00e8res, des signes taill\u00e9s comme des pri\u00e8res, interrogeant l\u2019homme sur son temps, son identit\u00e9, sa qu\u00eate spirituelle, au c\u0153ur d\u2019un monde battu par la temp\u00eate.<\/p>\n<p style=\"text-align: justify;\">Trois souffles pr\u00e9sident \u00e0 cet \u00e9difice : la qu\u00eate de l\u2019invisible, la d\u00e9fense des siens, l\u2019\u00e9lan du combat. Trois forces imm\u00e9moriales, grav\u00e9es dans l\u2019\u00e2me humaine depuis l\u2019aube, qu&rsquo;elle a traduite en silhouettes, en ic\u00f4nes, en attitudes qui se dressent comme des statues de chair dans le fracas du pr\u00e9sent.<\/p>\n<p style=\"text-align: justify;\">La croix est son flambeau. Non point comme marque d\u2019un dogme, mais comme un signe aux hommes. Elle est orientation, elle est verticalit\u00e9 de l&rsquo;horizon. Des anciens peuples aux voyageurs modernes, elle guide l\u2019esprit dans la nuit. Elle proclame sa foi intime : ne jamais se livrer aux modes passag\u00e8res, mais toujours marcher vers la juste direction.<\/p>\n<p style=\"text-align: justify;\">\u00ab Le XXI\u1d49 si\u00e8cle sera religieux ou ne le sera pas \u00bb : cette voix de Malraux la poursuit et lui ordonne de rendre \u00e0 la cr\u00e9ation son feu sacr\u00e9, de la soustraire au vacarme marchand pour la r\u00e9tablir dans son r\u00f4le d\u2019oracle.<\/p>\n<p style=\"text-align: justify;\">Le Louvre, choisi pour temple, ne lui a point \u00e9t\u00e9 indiff\u00e9rent. Ses colonnades, ses vo\u00fbtes, ses perspectives infinies sont devenues nefs et sanctuaires, o\u00f9 ses visions passent comme des processions : m\u00e9moire et modernit\u00e9 s\u2019y embrassent \u00e0 l\u2019ombre des pierres \u00e9ternelles.<\/p>\n<p style=\"text-align: justify;\">Ainsi d\u00e9filent, dans la lumi\u00e8re des si\u00e8cles, les robes sculpt\u00e9es comme des statues, les vestes hi\u00e9ratiques, les croix \u00e9tincelantes, les plumes d\u2019or qui battent comme des ailes. Chaque v\u00eatement est relique et manifeste : une offrande d\u2019histoire transfigur\u00e9e par le pr\u00e9sent, un \u00e9clat puissant de r\u00e9silience jet\u00e9 au visage du chaos.<\/p>\n<p>FM<\/p>\n<p><img decoding=\"async\" loading=\"lazy\" class=\"size-full wp-image-9001 aligncenter\" src=\"https:\/\/www.mouclier.com\/wp-content\/uploads\/2025\/10\/dgenaNova.jpg\" alt=\"\" width=\"900\" height=\"1274\" srcset=\"https:\/\/www.mouclier.com\/wp-content\/uploads\/2025\/10\/dgenaNova.jpg 900w, https:\/\/www.mouclier.com\/wp-content\/uploads\/2025\/10\/dgenaNova-212x300.jpg 212w, https:\/\/www.mouclier.com\/wp-content\/uploads\/2025\/10\/dgenaNova-768x1087.jpg 768w, https:\/\/www.mouclier.com\/wp-content\/uploads\/2025\/10\/dgenaNova-723x1024.jpg 723w, https:\/\/www.mouclier.com\/wp-content\/uploads\/2025\/10\/dgenaNova-730x1033.jpg 730w, https:\/\/www.mouclier.com\/wp-content\/uploads\/2025\/10\/dgenaNova-435x616.jpg 435w\" sizes=\"(max-width: 900px) 100vw, 900px\" \/><\/p>\n","protected":false},"excerpt":{"rendered":"<p style=\"text-align: justify;\">Cette collection est n\u00e9e d\u2019un serment secret entre le faste d\u2019hier et la vigueur d\u2019aujourd\u2019hui (nous dit la cr\u00e9atrice). Aux splendeurs de la cour de France, celle-ci a emprunt\u00e9 les fastes, les brocarts, les galons solennels, ainsi que les croix radieuses ; mais loin de les laisser dormir dans la poussi\u00e8re des palais, elle les a dress\u00e9s face \u00e0 l\u2019\u00e9lan sauvage de notre si\u00e8cle, pour qu\u2019ils s\u2019affrontent et se f\u00e9condent dans une \u00e9treinte \u00e9clatante. <a href=\"https:\/\/www.mouclier.com\/index.php\/2024\/dgena-dm-sacra-nova\/\"><strong><em>Pour lire plus cliquer ici<\/em><\/strong><\/a><\/p>\n<p style=\"text-align: justify;\">\n","protected":false},"author":1,"featured_media":8990,"comment_status":"closed","ping_status":"closed","sticky":false,"template":"","format":"standard","meta":[],"categories":[1],"tags":[],"_links":{"self":[{"href":"https:\/\/www.mouclier.com\/index.php\/wp-json\/wp\/v2\/posts\/8911"}],"collection":[{"href":"https:\/\/www.mouclier.com\/index.php\/wp-json\/wp\/v2\/posts"}],"about":[{"href":"https:\/\/www.mouclier.com\/index.php\/wp-json\/wp\/v2\/types\/post"}],"author":[{"embeddable":true,"href":"https:\/\/www.mouclier.com\/index.php\/wp-json\/wp\/v2\/users\/1"}],"replies":[{"embeddable":true,"href":"https:\/\/www.mouclier.com\/index.php\/wp-json\/wp\/v2\/comments?post=8911"}],"version-history":[{"count":10,"href":"https:\/\/www.mouclier.com\/index.php\/wp-json\/wp\/v2\/posts\/8911\/revisions"}],"predecessor-version":[{"id":9002,"href":"https:\/\/www.mouclier.com\/index.php\/wp-json\/wp\/v2\/posts\/8911\/revisions\/9002"}],"wp:featuredmedia":[{"embeddable":true,"href":"https:\/\/www.mouclier.com\/index.php\/wp-json\/wp\/v2\/media\/8990"}],"wp:attachment":[{"href":"https:\/\/www.mouclier.com\/index.php\/wp-json\/wp\/v2\/media?parent=8911"}],"wp:term":[{"taxonomy":"category","embeddable":true,"href":"https:\/\/www.mouclier.com\/index.php\/wp-json\/wp\/v2\/categories?post=8911"},{"taxonomy":"post_tag","embeddable":true,"href":"https:\/\/www.mouclier.com\/index.php\/wp-json\/wp\/v2\/tags?post=8911"}],"curies":[{"name":"wp","href":"https:\/\/api.w.org\/{rel}","templated":true}]}}