{"id":8883,"date":"2025-09-28T09:04:06","date_gmt":"2025-09-28T07:04:06","guid":{"rendered":"https:\/\/www.mouclier.com\/?p=8883"},"modified":"2025-09-28T09:04:06","modified_gmt":"2025-09-28T07:04:06","slug":"vitale-un-baillement-versace","status":"publish","type":"post","link":"https:\/\/www.mouclier.com\/index.php\/2025\/09\/28\/vitale-un-baillement-versace\/","title":{"rendered":"VITALE UN B\u00c2ILLEMENT VERSACE"},"content":{"rendered":"<p style=\"text-align: justify;\">Je vais \u00eatre franc : je n\u2019aime pas le \u00ab nouveau Versace \u00bb sign\u00e9 par Dario Vitale, le nouveau petit g\u00e9nie de la mode. Ce que j\u2019ai vu vendredi soir \u00e0 la Pinacoth\u00e8que Ambrosienne n\u2019\u00e9tait pas un hommage au glamour rococo de la maison, mais une p\u00e2le tentative de rendre Versace\u2026 Lambda.<\/p>\n<p style=\"text-align: justify;\" data-start=\"447\" data-end=\"765\">O\u00f9 sont pass\u00e9es les robes sculpturales, les armures de paillettes romaines, ainsi que le tonnerre sexy qui transformait le moindre podium en tapis rouge ? \u00c0 la place, on nous a servi des jeans, des pulls et des gilets vaguement r\u00e9tro \u00e0 la Raf Simons, c&rsquo;est peu dire. Un d\u00e9fil\u00e9 qui ressemblait plus \u00e0 une friperie branch\u00e9e qu\u2019\u00e0 l\u2019univers de la \u00ab\u00a0M\u00e9duse de Milo\u00a0\u00bb.<\/p>\n<p style=\"text-align: justify;\" data-start=\"767\" data-end=\"1053\">Vitale dit vouloir se rapprocher du public. Mais, Versace n\u2019a jamais \u00e9t\u00e9 l\u00e0 pour \u00e7a, Versace \u00e9tait l\u2019exc\u00e8s, la flamboyance, l\u2019inaccessible. C\u2019\u00e9tait justement ce d\u00e9calage avec le quotidien qui faisait r\u00eaver. Qui a envie d\u2019un Versace qui se d\u00e9guise en East Village disco pour touristes ?<\/p>\n<p style=\"text-align: justify;\" data-start=\"1055\" data-end=\"1300\">On peut parler d\u2019audace, certes. Mais l\u2019audace n\u2019est pas de renoncer \u00e0 la d\u00e9mesure, elle est de la sublimer. Ici, on assiste au contraire \u00e0 une dilution : le sex-appeal se dissout dans le pr\u00eat-\u00e0-porter des bas-fonds de la Fashion Week Parisienne, l\u2019exub\u00e9rance se rabat en nostalgie. Pour moi, son Versace n\u2019a pas rugi, il a b\u00e2ill\u00e9.<\/p>\n<p data-start=\"1055\" data-end=\"1300\">FM<\/p>\n<div id='gallery-1' class='gallery galleryid-8883 gallery-columns-2 gallery-size-large'><figure class='gallery-item'>\n\t\t\t<div class='gallery-icon portrait'>\n\t\t\t\t<a href='https:\/\/www.mouclier.com\/index.php\/2025\/09\/28\/vitale-un-baillement-versace\/versace1\/'><img width=\"681\" height=\"1024\" src=\"https:\/\/www.mouclier.com\/wp-content\/uploads\/2025\/09\/versace1-681x1024.jpg\" class=\"attachment-large size-large\" alt=\"\" decoding=\"async\" loading=\"lazy\" srcset=\"https:\/\/www.mouclier.com\/wp-content\/uploads\/2025\/09\/versace1-681x1024.jpg 681w, https:\/\/www.mouclier.com\/wp-content\/uploads\/2025\/09\/versace1-200x300.jpg 200w, https:\/\/www.mouclier.com\/wp-content\/uploads\/2025\/09\/versace1-768x1155.jpg 768w, https:\/\/www.mouclier.com\/wp-content\/uploads\/2025\/09\/versace1-730x1097.jpg 730w, https:\/\/www.mouclier.com\/wp-content\/uploads\/2025\/09\/versace1-435x654.jpg 435w, https:\/\/www.mouclier.com\/wp-content\/uploads\/2025\/09\/versace1.jpg 908w\" sizes=\"(max-width: 681px) 100vw, 681px\" \/><\/a>\n\t\t\t<\/div><\/figure><figure class='gallery-item'>\n\t\t\t<div class='gallery-icon portrait'>\n\t\t\t\t<a href='https:\/\/www.mouclier.com\/index.php\/2025\/09\/28\/vitale-un-baillement-versace\/versace2\/'><img width=\"681\" height=\"1024\" src=\"https:\/\/www.mouclier.com\/wp-content\/uploads\/2025\/09\/versace2-681x1024.jpg\" class=\"attachment-large size-large\" alt=\"\" decoding=\"async\" loading=\"lazy\" srcset=\"https:\/\/www.mouclier.com\/wp-content\/uploads\/2025\/09\/versace2-681x1024.jpg 681w, https:\/\/www.mouclier.com\/wp-content\/uploads\/2025\/09\/versace2-200x300.jpg 200w, https:\/\/www.mouclier.com\/wp-content\/uploads\/2025\/09\/versace2-768x1155.jpg 768w, https:\/\/www.mouclier.com\/wp-content\/uploads\/2025\/09\/versace2-730x1097.jpg 730w, https:\/\/www.mouclier.com\/wp-content\/uploads\/2025\/09\/versace2-435x654.jpg 435w, https:\/\/www.mouclier.com\/wp-content\/uploads\/2025\/09\/versace2.jpg 908w\" sizes=\"(max-width: 681px) 100vw, 681px\" \/><\/a>\n\t\t\t<\/div><\/figure>\n\t\t<\/div>\n\n","protected":false},"excerpt":{"rendered":"<p style=\"text-align: justify;\"> Je vais \u00eatre franc : je n\u2019aime pas le \u00ab nouveau Versace \u00bb sign\u00e9 par Dario Vitale, le nouveau petit g\u00e9nie de la mode. Ce que j\u2019ai vu vendredi soir \u00e0 la Pinacoth\u00e8que Ambrosienne n\u2019\u00e9tait pas un hommage au glamour rococo de la maison, mais une p\u00e2le tentative de rendre Versace\u2026 Lambda. <a href=\"https:\/\/www.mouclier.com\/index.php\/2024\/vitale-un-baillement-versace\/\"><strong><em>Pour lire plus cliquer ici<\/em><\/strong><\/a><\/p>\n<p style=\"text-align: justify;\">\n","protected":false},"author":1,"featured_media":8901,"comment_status":"closed","ping_status":"closed","sticky":false,"template":"","format":"standard","meta":[],"categories":[1],"tags":[],"_links":{"self":[{"href":"https:\/\/www.mouclier.com\/index.php\/wp-json\/wp\/v2\/posts\/8883"}],"collection":[{"href":"https:\/\/www.mouclier.com\/index.php\/wp-json\/wp\/v2\/posts"}],"about":[{"href":"https:\/\/www.mouclier.com\/index.php\/wp-json\/wp\/v2\/types\/post"}],"author":[{"embeddable":true,"href":"https:\/\/www.mouclier.com\/index.php\/wp-json\/wp\/v2\/users\/1"}],"replies":[{"embeddable":true,"href":"https:\/\/www.mouclier.com\/index.php\/wp-json\/wp\/v2\/comments?post=8883"}],"version-history":[{"count":9,"href":"https:\/\/www.mouclier.com\/index.php\/wp-json\/wp\/v2\/posts\/8883\/revisions"}],"predecessor-version":[{"id":8903,"href":"https:\/\/www.mouclier.com\/index.php\/wp-json\/wp\/v2\/posts\/8883\/revisions\/8903"}],"wp:featuredmedia":[{"embeddable":true,"href":"https:\/\/www.mouclier.com\/index.php\/wp-json\/wp\/v2\/media\/8901"}],"wp:attachment":[{"href":"https:\/\/www.mouclier.com\/index.php\/wp-json\/wp\/v2\/media?parent=8883"}],"wp:term":[{"taxonomy":"category","embeddable":true,"href":"https:\/\/www.mouclier.com\/index.php\/wp-json\/wp\/v2\/categories?post=8883"},{"taxonomy":"post_tag","embeddable":true,"href":"https:\/\/www.mouclier.com\/index.php\/wp-json\/wp\/v2\/tags?post=8883"}],"curies":[{"name":"wp","href":"https:\/\/api.w.org\/{rel}","templated":true}]}}