{"id":8853,"date":"2025-09-27T08:27:43","date_gmt":"2025-09-27T06:27:43","guid":{"rendered":"https:\/\/www.mouclier.com\/?p=8853"},"modified":"2025-09-27T08:27:43","modified_gmt":"2025-09-27T06:27:43","slug":"prada-accident-chromatique","status":"publish","type":"post","link":"https:\/\/www.mouclier.com\/index.php\/2025\/09\/27\/prada-accident-chromatique\/","title":{"rendered":"PRADA ACCIDENT CHROMATIQUE"},"content":{"rendered":"<p style=\"text-align: justify;\">On dit souvent que la maison Prada aime prendre des risques, mais avec cette collection, tellement en avance sur son temps, elle ne croisera jamais ses contemporains, elle se perdra sur la route d&rsquo;une r\u00e9flexion de palefrenier, (je panse donc j&rsquo;essuie). Ici, la \u00ab\u00a0Pradamania Raf\u00a0\u00bb, l&rsquo;ex de chez Dior, semble avoir confondu audace et accident visuel. Ce d\u00e9fil\u00e9 restera sans doute dans les m\u00e9moires, mais comme un concentr\u00e9 de mauvais go\u00fbt soigneusement emball\u00e9 dans du gros-grain.<\/p>\n<p style=\"text-align: justify;\">Les polos preppy (un courant de mode adopt\u00e9 dans les ann\u00e9es 1950 par les Am\u00e9ricains de classe sup\u00e9rieure des Hamptons), d\u00e9j\u00e0 peu flatteurs dans leur version originale, sont ici d\u00e9clin\u00e9s en fragments instables, comme si le cr\u00e9ateur ne savait pas coudre, un de plus ! R\u00e9sultat : voil\u00e0 le ridicule d\u2019un campus am\u00e9ricain en cosplay aristocratique. Les robes de cocktail, elles, \u00e9taient si amples qu\u2019on les aurait crues recycl\u00e9es des rideaux du film \u00ab\u00a0Autant en emporte le Vlan\u00a0\u00bb. Les colliers-bijoux plaqu\u00e9s au col donnaient plus l\u2019impression d\u2019un bricolage de carnaval Berrichon.<\/p>\n<p style=\"text-align: justify;\">Une jupe a subi toutes les tortures possibles : boule, pliss\u00e9e, crayon, kilt, dirndl (tenue bavaroise, port\u00e9e par les femmes de l&rsquo;Oktoberfest), et dentelle du soir\u2026 un patchwork incoh\u00e9rent, ficel\u00e9 d\u2019un ruban comme on referme \u00e0 la h\u00e2te un paquet-cadeau \u00e0 la Samaritaine.<\/p>\n<p style=\"text-align: justify;\">Mais, c\u2019est sans doute la palette de couleurs qui a achev\u00e9 le massacre. Le sol couleur mandarine \u00ab pour les Chinois peut-\u00eatre \u00bb faisait office de piste d\u2019atterrissage pour une arm\u00e9e de bimbos criardes en robe qui crient \u00ab\u00a0<em>orange is the new black<\/em>\u00ab\u00a0. Plus proche d\u2019un rayon soldes de la fast fashion que d\u2019une maison de luxe, et l\u2019ensemble donnait \u00e0 voir une explosion de n\u00e9ons mal ma\u00eetris\u00e9s. On peut saluer le courage de \u00ab\u00a0Raf Simonstre\u00a0\u00bb d\u2019oser le \u00ab moche \u00bb. Mais, entre ironie et naufrage, la fronti\u00e8re est mince : ici, elle a tout simplement disparu.<\/p>\n<p style=\"text-align: justify;\">FM<\/p>\n<p><img decoding=\"async\" loading=\"lazy\" class=\"alignnone size-full wp-image-8878\" src=\"https:\/\/www.mouclier.com\/wp-content\/uploads\/2025\/09\/prada2026.jpg\" alt=\"\" width=\"1573\" height=\"918\" srcset=\"https:\/\/www.mouclier.com\/wp-content\/uploads\/2025\/09\/prada2026.jpg 1573w, https:\/\/www.mouclier.com\/wp-content\/uploads\/2025\/09\/prada2026-300x175.jpg 300w, https:\/\/www.mouclier.com\/wp-content\/uploads\/2025\/09\/prada2026-768x448.jpg 768w, https:\/\/www.mouclier.com\/wp-content\/uploads\/2025\/09\/prada2026-1024x598.jpg 1024w, https:\/\/www.mouclier.com\/wp-content\/uploads\/2025\/09\/prada2026-730x426.jpg 730w, https:\/\/www.mouclier.com\/wp-content\/uploads\/2025\/09\/prada2026-435x254.jpg 435w\" sizes=\"(max-width: 1573px) 100vw, 1573px\" \/><\/p>\n","protected":false},"excerpt":{"rendered":"<p style=\"text-align: justify;\">On dit souvent que la maison Prada aime prendre des risques, mais avec cette collection, tellement en avance sur son temps, elle ne croisera jamais ses contemporains, elle se perdra sur la route d&rsquo;une r\u00e9flexion de palefrenier, (je panse donc j&rsquo;essuie). Ici, la \u00ab\u00a0Pradamania Raf\u00a0\u00bb, l&rsquo;ex de chez Dior, semble avoir confondu audace et accident visuel. Ce d\u00e9fil\u00e9 restera sans doute dans les m\u00e9moires, mais comme un concentr\u00e9 de mauvais go\u00fbt soigneusement emball\u00e9 dans du gros-grain. <a href=\"https:\/\/www.mouclier.com\/index.php\/2024\/prada-accident-chromatique\/\"><strong><em>Pour lire plus cliquer ici<\/em><\/strong><\/a><\/p>\n<p style=\"text-align: justify;\">\n","protected":false},"author":1,"featured_media":8875,"comment_status":"closed","ping_status":"closed","sticky":false,"template":"","format":"standard","meta":[],"categories":[1],"tags":[],"_links":{"self":[{"href":"https:\/\/www.mouclier.com\/index.php\/wp-json\/wp\/v2\/posts\/8853"}],"collection":[{"href":"https:\/\/www.mouclier.com\/index.php\/wp-json\/wp\/v2\/posts"}],"about":[{"href":"https:\/\/www.mouclier.com\/index.php\/wp-json\/wp\/v2\/types\/post"}],"author":[{"embeddable":true,"href":"https:\/\/www.mouclier.com\/index.php\/wp-json\/wp\/v2\/users\/1"}],"replies":[{"embeddable":true,"href":"https:\/\/www.mouclier.com\/index.php\/wp-json\/wp\/v2\/comments?post=8853"}],"version-history":[{"count":9,"href":"https:\/\/www.mouclier.com\/index.php\/wp-json\/wp\/v2\/posts\/8853\/revisions"}],"predecessor-version":[{"id":8882,"href":"https:\/\/www.mouclier.com\/index.php\/wp-json\/wp\/v2\/posts\/8853\/revisions\/8882"}],"wp:featuredmedia":[{"embeddable":true,"href":"https:\/\/www.mouclier.com\/index.php\/wp-json\/wp\/v2\/media\/8875"}],"wp:attachment":[{"href":"https:\/\/www.mouclier.com\/index.php\/wp-json\/wp\/v2\/media?parent=8853"}],"wp:term":[{"taxonomy":"category","embeddable":true,"href":"https:\/\/www.mouclier.com\/index.php\/wp-json\/wp\/v2\/categories?post=8853"},{"taxonomy":"post_tag","embeddable":true,"href":"https:\/\/www.mouclier.com\/index.php\/wp-json\/wp\/v2\/tags?post=8853"}],"curies":[{"name":"wp","href":"https:\/\/api.w.org\/{rel}","templated":true}]}}