{"id":8810,"date":"2025-09-26T07:50:54","date_gmt":"2025-09-26T05:50:54","guid":{"rendered":"https:\/\/www.mouclier.com\/?p=8810"},"modified":"2025-09-27T07:15:40","modified_gmt":"2025-09-27T05:15:40","slug":"fendi-quand-le-vetement-se-moque-du-podium","status":"publish","type":"post","link":"https:\/\/www.mouclier.com\/index.php\/2025\/09\/26\/fendi-quand-le-vetement-se-moque-du-podium\/","title":{"rendered":"FENDI QUAND LE V\u00caTEMENT SE MOQUE DU PODIUM"},"content":{"rendered":"<p style=\"text-align: justify;\">Mercredi,\u00a0Silvia Venturini Fendi pour Fendi a pr\u00e9sent\u00e9 \u00e0 Milan une collection bariol\u00e9e, pleine de fleurs et de r\u00e9f\u00e9rences aux ann\u00e9es 90. L\u2019exercice est habile : prendre ce qui, hier encore, passait pour du \u00ab cheap \u00bb, c&rsquo;est-\u00e0-dire des cordons \u00e9lastiques, des bretelles r\u00e9glables, des fermetures de coupe-vent peu fiables, et hisser tout cela au rang de nouvel ornement chic sur dentelle de Calais \u00ab\u00a0made in China\u00a0\u00bb. Le luxe adore recycler le banal depuis l&rsquo;homme de Tol\u00e8de, \u00e0 condition de l\u2019emballer dans une histoire calibr\u00e9e et une mise en sc\u00e8ne th\u00e9\u00e2trale. C&rsquo;\u00e9tait comme si on venait de f\u00eater la premi\u00e8re pierre du m\u00e9morial d\u00e9di\u00e9 aux victimes de la lapidation.<\/p>\n<p style=\"text-align: justify;\" data-start=\"732\" data-end=\"1079\">C&rsquo;est de l\u2019anti-fashion \u00ab\u00a0Haute Mouture de pr\u00eat-\u00e0-porter\u00a0\u00bb pour des blouses d&rsquo;\u00e9cole informes port\u00e9es trois jours de suite et qui deviendront, avec l&rsquo;aide de Micron, l&rsquo;uniforme des institutions catholiques. En ce qui concerne le pantalon, un jogging que l&rsquo;on essaye de faire rentrer dans la cat\u00e9gorie des \u00ab essentiels \u00bb de garde-robe. Vingt fois sur le m\u00e9tier, remettez votre outrage.<\/p>\n<p style=\"text-align: justify;\" data-start=\"732\" data-end=\"1079\">Hybrider, d\u00e9caler, penser un v\u00eatement qui surprend sans le dire trop fort. Mais, face \u00e0 l\u2019hyst\u00e9rie chromatique et aux clins d\u2019\u0153il lourds de la mode occidentale, cette subtilit\u00e9 ressemble presque \u00e0 un acte de sabotage, surtout \u00e0 un loup\u00e9 magistral.<\/p>\n<p style=\"text-align: justify;\" data-start=\"1395\" data-end=\"1685\">Le luxe du seigneur proclame qu\u2019il invente le cool en transformant un cordon de jogging en talisman de mode, et si la vraie r\u00e9bellion \u00e9tait simplement de porter ce qui tra\u00eene dans l\u2019armoire, sans chercher l\u2019approbation d\u2019un front row \u00e0 l&rsquo;image de la \u00ab\u00a0Frontanel \u00a0\u00bb qui n&rsquo;y connait rien.<\/p>\n<p style=\"text-align: justify;\">Car au fond, la mode court apr\u00e8s un id\u00e9al de d\u00e9sirabilit\u00e9. La marque Fendi, elle, pr\u00e9f\u00e8re rester assise sur le canap\u00e9, en K-Way trou\u00e9, indiff\u00e9rent au spectacle. Et c\u2019est peut-\u00eatre l\u00e0 qu\u2019elle perd la partie, parce que cette collection sera un ratage, mais un succ\u00e8s en boutique, si les prix se situent au niveau de Zara.<\/p>\n<p style=\"text-align: justify;\" data-start=\"1687\" data-end=\"1906\">FM<\/p>\n<div id='gallery-1' class='gallery galleryid-8810 gallery-columns-2 gallery-size-large'><figure class='gallery-item'>\n\t\t\t<div class='gallery-icon portrait'>\n\t\t\t\t<a href='https:\/\/www.mouclier.com\/index.php\/2025\/09\/26\/fendi-quand-le-vetement-se-moque-du-podium\/fendi2\/'><img width=\"594\" height=\"878\" src=\"https:\/\/www.mouclier.com\/wp-content\/uploads\/2025\/09\/fendi2.jpg\" class=\"attachment-large size-large\" alt=\"\" decoding=\"async\" loading=\"lazy\" srcset=\"https:\/\/www.mouclier.com\/wp-content\/uploads\/2025\/09\/fendi2.jpg 594w, https:\/\/www.mouclier.com\/wp-content\/uploads\/2025\/09\/fendi2-203x300.jpg 203w, https:\/\/www.mouclier.com\/wp-content\/uploads\/2025\/09\/fendi2-435x643.jpg 435w\" sizes=\"(max-width: 594px) 100vw, 594px\" \/><\/a>\n\t\t\t<\/div><\/figure><figure class='gallery-item'>\n\t\t\t<div class='gallery-icon portrait'>\n\t\t\t\t<a href='https:\/\/www.mouclier.com\/index.php\/2025\/09\/26\/fendi-quand-le-vetement-se-moque-du-podium\/fendi3\/'><img width=\"594\" height=\"878\" src=\"https:\/\/www.mouclier.com\/wp-content\/uploads\/2025\/09\/fendi3.jpg\" class=\"attachment-large size-large\" alt=\"\" decoding=\"async\" loading=\"lazy\" srcset=\"https:\/\/www.mouclier.com\/wp-content\/uploads\/2025\/09\/fendi3.jpg 594w, https:\/\/www.mouclier.com\/wp-content\/uploads\/2025\/09\/fendi3-203x300.jpg 203w, https:\/\/www.mouclier.com\/wp-content\/uploads\/2025\/09\/fendi3-435x643.jpg 435w\" sizes=\"(max-width: 594px) 100vw, 594px\" \/><\/a>\n\t\t\t<\/div><\/figure><figure class='gallery-item'>\n\t\t\t<div class='gallery-icon portrait'>\n\t\t\t\t<a href='https:\/\/www.mouclier.com\/index.php\/2025\/09\/26\/fendi-quand-le-vetement-se-moque-du-podium\/fendi4\/'><img width=\"594\" height=\"878\" src=\"https:\/\/www.mouclier.com\/wp-content\/uploads\/2025\/09\/fendi4.jpg\" class=\"attachment-large size-large\" alt=\"\" decoding=\"async\" loading=\"lazy\" srcset=\"https:\/\/www.mouclier.com\/wp-content\/uploads\/2025\/09\/fendi4.jpg 594w, https:\/\/www.mouclier.com\/wp-content\/uploads\/2025\/09\/fendi4-203x300.jpg 203w, https:\/\/www.mouclier.com\/wp-content\/uploads\/2025\/09\/fendi4-435x643.jpg 435w\" sizes=\"(max-width: 594px) 100vw, 594px\" \/><\/a>\n\t\t\t<\/div><\/figure><figure class='gallery-item'>\n\t\t\t<div class='gallery-icon portrait'>\n\t\t\t\t<a href='https:\/\/www.mouclier.com\/index.php\/2025\/09\/26\/fendi-quand-le-vetement-se-moque-du-podium\/fendi5\/'><img width=\"594\" height=\"878\" src=\"https:\/\/www.mouclier.com\/wp-content\/uploads\/2025\/09\/fendi5.jpg\" class=\"attachment-large size-large\" alt=\"\" decoding=\"async\" loading=\"lazy\" srcset=\"https:\/\/www.mouclier.com\/wp-content\/uploads\/2025\/09\/fendi5.jpg 594w, https:\/\/www.mouclier.com\/wp-content\/uploads\/2025\/09\/fendi5-203x300.jpg 203w, https:\/\/www.mouclier.com\/wp-content\/uploads\/2025\/09\/fendi5-435x643.jpg 435w\" sizes=\"(max-width: 594px) 100vw, 594px\" \/><\/a>\n\t\t\t<\/div><\/figure>\n\t\t<\/div>\n\n","protected":false},"excerpt":{"rendered":"<p style=\"text-align: justify;\">Mercredi,\u00a0Silvia Venturini Fendi pour Fendi a pr\u00e9sent\u00e9 \u00e0 Milan une collection bariol\u00e9e, pleine de fleurs et de r\u00e9f\u00e9rences aux ann\u00e9es 90. L\u2019exercice est habile : prendre ce qui, hier encore, passait pour du \u00ab cheap \u00bb, c&rsquo;est-\u00e0-dire des cordons \u00e9lastiques, des bretelles r\u00e9glables, des fermetures de coupe-vent peu fiables, et hisser tout cela au rang de nouvel ornement chic sur dentelle de Calais \u00ab\u00a0made in China\u00a0\u00bb. Le luxe adore recycler le banal depuis l&rsquo;homme de Tol\u00e8de, \u00e0 condition de l\u2019emballer dans une histoire calibr\u00e9e et une mise en sc\u00e8ne th\u00e9\u00e2trale. C&rsquo;\u00e9tait comme si on venait de f\u00eater la premi\u00e8re pierre du m\u00e9morial d\u00e9di\u00e9 aux victimes de la lapidation. <a href=\"https:\/\/www.mouclier.com\/index.php\/2024\/fendi-quand-le-vetement-se-moque-du-podium\/\"><strong><em>Pour lire plus cliquer ici<\/em><\/strong><\/a><\/p>\n<p style=\"text-align: justify;\">\n","protected":false},"author":1,"featured_media":8825,"comment_status":"closed","ping_status":"closed","sticky":false,"template":"","format":"standard","meta":[],"categories":[1],"tags":[],"_links":{"self":[{"href":"https:\/\/www.mouclier.com\/index.php\/wp-json\/wp\/v2\/posts\/8810"}],"collection":[{"href":"https:\/\/www.mouclier.com\/index.php\/wp-json\/wp\/v2\/posts"}],"about":[{"href":"https:\/\/www.mouclier.com\/index.php\/wp-json\/wp\/v2\/types\/post"}],"author":[{"embeddable":true,"href":"https:\/\/www.mouclier.com\/index.php\/wp-json\/wp\/v2\/users\/1"}],"replies":[{"embeddable":true,"href":"https:\/\/www.mouclier.com\/index.php\/wp-json\/wp\/v2\/comments?post=8810"}],"version-history":[{"count":18,"href":"https:\/\/www.mouclier.com\/index.php\/wp-json\/wp\/v2\/posts\/8810\/revisions"}],"predecessor-version":[{"id":8874,"href":"https:\/\/www.mouclier.com\/index.php\/wp-json\/wp\/v2\/posts\/8810\/revisions\/8874"}],"wp:featuredmedia":[{"embeddable":true,"href":"https:\/\/www.mouclier.com\/index.php\/wp-json\/wp\/v2\/media\/8825"}],"wp:attachment":[{"href":"https:\/\/www.mouclier.com\/index.php\/wp-json\/wp\/v2\/media?parent=8810"}],"wp:term":[{"taxonomy":"category","embeddable":true,"href":"https:\/\/www.mouclier.com\/index.php\/wp-json\/wp\/v2\/categories?post=8810"},{"taxonomy":"post_tag","embeddable":true,"href":"https:\/\/www.mouclier.com\/index.php\/wp-json\/wp\/v2\/tags?post=8810"}],"curies":[{"name":"wp","href":"https:\/\/api.w.org\/{rel}","templated":true}]}}