{"id":8790,"date":"2025-09-25T06:00:23","date_gmt":"2025-09-25T04:00:23","guid":{"rendered":"https:\/\/www.mouclier.com\/?p=8790"},"modified":"2025-09-24T21:01:28","modified_gmt":"2025-09-24T19:01:28","slug":"oeuf-orie-a-milan-martens-coque-en-stock","status":"publish","type":"post","link":"https:\/\/www.mouclier.com\/index.php\/2025\/09\/25\/oeuf-orie-a-milan-martens-coque-en-stock\/","title":{"rendered":"\u0152UF-ORIE A MILAN MARTENS COQUE EN STOCK"},"content":{"rendered":"<p style=\"text-align: justify;\">Glenn Martens n\u2019a pas pondu une id\u00e9e banale. Pour pr\u00e9senter la collection printemps 2026 de Diesel \u00e0 Milan, il a choisi une sc\u00e9nographie \u00e0 la fois transparente et d\u00e9concertante : des mannequins enferm\u00e9s dans des coques ovo\u00efdes, comme des poussins fashion en attente d\u2019\u00e9closion. Mais \u00e7a, ce n\u2019\u00e9tait que l\u2019entr\u00e9e de l\u2019omelette.<\/p>\n<p style=\"text-align: justify;\" data-start=\"495\" data-end=\"882\">Car, plus tard dans la journ\u00e9e, Martens a bris\u00e9 la coquille et lib\u00e9r\u00e9 le vrai spectacle : une gigantesque chasse aux \u0153ufs dans tout Milan. Des looks de Diesel nich\u00e9s un peu partout, des jardins aux th\u00e9\u00e2tres, des piazzas aux salles de bingo. R\u00e9sultat : pr\u00e8s de 5 000 modeux pr\u00eats \u00e0 battre la campagne\u00a0 \u00ab\u00a0en blancs en neige\u00a0\u00bb pour retrouver les 34 \u0153ufs dispers\u00e9s en ville.<\/p>\n<p style=\"text-align: justify;\" data-start=\"884\" data-end=\"1315\">Un jeu grandeur nature de trois heures et demie, o\u00f9 la mode devenait sport de haut vol, et o\u00f9 les poules ont couru comme des fashionistas affol\u00e9es. Certains ont m\u00eame trouv\u00e9 l\u2019exp\u00e9rience \u00ab\u00a0<em data-start=\"1070\" data-end=\"1083\">\u0153uf-topique\u00a0\u00bb<\/em>, d\u2019autres y ont vu une strat\u00e9gie de communication <em data-start=\"1134\" data-end=\"1146\">\u0153uf-ficace<\/em>. Quoi qu\u2019il en soit, Glenn Martens a prouv\u00e9 qu\u2019en mati\u00e8re d\u2019\u00e9v\u00e9nement, il sait toujours mettre les petits plats dans les grands\u2026 et les petits \u0153ufs dans la ville.<\/p>\n<p data-start=\"884\" data-end=\"1315\">FM<\/p>\n<p data-start=\"884\" data-end=\"1315\">\n","protected":false},"excerpt":{"rendered":"<p style=\"text-align: justify;\">Glenn Martens n\u2019a pas pondu une id\u00e9e banale. Pour pr\u00e9senter la collection printemps 2026 de Diesel \u00e0 Milan, il a choisi une sc\u00e9nographie \u00e0 la fois transparente et d\u00e9concertante : des mannequins enferm\u00e9s dans des coques ovo\u00efdes, comme des poussins fashion en attente d\u2019\u00e9closion. Mais \u00e7a, ce n\u2019\u00e9tait que l\u2019entr\u00e9e de l\u2019omelette. <a href=\"https:\/\/www.mouclier.com\/index.php\/2024\/oeuf-orie-a-milan-martens-coque-en-stock\/\"><strong><em>Pour lire plus cliquer ici<\/em><\/strong><\/a><\/p>\n<p style=\"text-align: justify;\">\n","protected":false},"author":1,"featured_media":8793,"comment_status":"closed","ping_status":"closed","sticky":false,"template":"","format":"standard","meta":[],"categories":[1],"tags":[],"_links":{"self":[{"href":"https:\/\/www.mouclier.com\/index.php\/wp-json\/wp\/v2\/posts\/8790"}],"collection":[{"href":"https:\/\/www.mouclier.com\/index.php\/wp-json\/wp\/v2\/posts"}],"about":[{"href":"https:\/\/www.mouclier.com\/index.php\/wp-json\/wp\/v2\/types\/post"}],"author":[{"embeddable":true,"href":"https:\/\/www.mouclier.com\/index.php\/wp-json\/wp\/v2\/users\/1"}],"replies":[{"embeddable":true,"href":"https:\/\/www.mouclier.com\/index.php\/wp-json\/wp\/v2\/comments?post=8790"}],"version-history":[{"count":6,"href":"https:\/\/www.mouclier.com\/index.php\/wp-json\/wp\/v2\/posts\/8790\/revisions"}],"predecessor-version":[{"id":8814,"href":"https:\/\/www.mouclier.com\/index.php\/wp-json\/wp\/v2\/posts\/8790\/revisions\/8814"}],"wp:featuredmedia":[{"embeddable":true,"href":"https:\/\/www.mouclier.com\/index.php\/wp-json\/wp\/v2\/media\/8793"}],"wp:attachment":[{"href":"https:\/\/www.mouclier.com\/index.php\/wp-json\/wp\/v2\/media?parent=8790"}],"wp:term":[{"taxonomy":"category","embeddable":true,"href":"https:\/\/www.mouclier.com\/index.php\/wp-json\/wp\/v2\/categories?post=8790"},{"taxonomy":"post_tag","embeddable":true,"href":"https:\/\/www.mouclier.com\/index.php\/wp-json\/wp\/v2\/tags?post=8790"}],"curies":[{"name":"wp","href":"https:\/\/api.w.org\/{rel}","templated":true}]}}