{"id":8774,"date":"2025-09-24T06:58:46","date_gmt":"2025-09-24T04:58:46","guid":{"rendered":"https:\/\/www.mouclier.com\/?p=8774"},"modified":"2025-09-26T11:30:33","modified_gmt":"2025-09-26T09:30:33","slug":"lere-demna-souvre-a-milan","status":"publish","type":"post","link":"https:\/\/www.mouclier.com\/index.php\/2025\/09\/24\/lere-demna-souvre-a-milan\/","title":{"rendered":"L&rsquo;\u00c8RE DEMNA S&rsquo;OUVRE A MILAN"},"content":{"rendered":"<p style=\"text-align: justify;\">Lundi, Gucci a officialis\u00e9 son nouveau chapitre cr\u00e9atif : celui de Demna. Avec une entr\u00e9e en sc\u00e8ne digne de son go\u00fbt pour la surprise, le cr\u00e9ateur a r\u00e9v\u00e9l\u00e9 une premi\u00e8re silhouette num\u00e9rot\u00e9e la tenue 37 accompagn\u00e9e d\u2019un lookbook photographi\u00e9 par l\u2019Am\u00e9ricaine Catherine Opie. Le lendemain, Milan vibrait au rythme de \u00ab\u00a0<em data-start=\"479\" data-end=\"490\">The Tiger\u00a0\u00bb<\/em>, court-m\u00e9trage sign\u00e9 Spike Jonze et Halina Reijn, offrant une plong\u00e9e cin\u00e9matographique dans ce nouvel univers Gucci.<\/p>\n<p style=\"text-align: justify;\" data-start=\"642\" data-end=\"966\">Fid\u00e8le \u00e0 sa volont\u00e9 de traduire l\u2019essence profonde des maisons qu\u2019il investit, Demna a cherch\u00e9 ici \u00e0 capturer ce qu\u2019il appelle \u00ab la Gucciness \u00bb. Pour ce faire, il imagine <em data-start=\"813\" data-end=\"826\">La Famiglia<\/em>, une constellation de personnages fictifs, chacun incarnant une facette de l\u2019ADN Gucci : extravagance, h\u00e9ritage, sensualit\u00e9, irr\u00e9v\u00e9rence.<\/p>\n<p style=\"text-align: justify;\" data-start=\"996\" data-end=\"1414\">Avec cette premi\u00e8re collection, l\u2019objectif est double : ancrer Gucci dans une dynamique de stabilit\u00e9 commerciale, tout en affirmant la puissance cr\u00e9ative du nouveau directeur artistique. Comme il l\u2019avait fait chez Balenciaga en pla\u00e7ant Crist\u00f3bal au centre de son r\u00e9cit, Demna choisit pour Gucci une m\u00e9taphore familiale une mani\u00e8re de solidifier l\u2019histoire de la maison tout en l\u2019ouvrant \u00e0 une narration collective.<\/p>\n<p style=\"text-align: justify;\" data-start=\"1445\" data-end=\"1782\">La collection s\u2019ouvre sur \u00ab L\u2019Archetipo \u00bb, une malle de voyage monogramm\u00e9e qui rend hommage aux racines de Gucci dans l\u2019art de la valigeria. Un clin d\u2019\u0153il aux origines qui se veut fondateur : avant d\u2019\u00eatre un empire de mode, Gucci \u00e9tait une maison de bagages. Ici, Demna fait dialoguer patrimoine et r\u00e9invention, tradition et modernit\u00e9.<\/p>\n<p style=\"text-align: justify;\" data-start=\"1807\" data-end=\"2179\">\u00ab Gucci La Famiglia \u00bb est appel\u00e9e \u00e0 devenir le nouveau langage de la marque : un ensemble de figures qui incarne \u00e0 la fois son histoire et son avenir. L\u00e0 o\u00f9 Balenciaga a vu na\u00eetre un r\u00e9cit centr\u00e9 sur l\u2019ombre tut\u00e9laire de Crist\u00f3bal, Gucci s\u2019invente d\u00e9sormais une communaut\u00e9 enti\u00e8re. Une famille, au sens large, o\u00f9 chaque personnage devient un ambassadeur de ce renouveau.<\/p>\n<p><iframe loading=\"lazy\" title=\"YouTube video player\" src=\"https:\/\/www.youtube.com\/embed\/Y7MgcDKBPpw?si=Xu9wM02hKsQuiNVQ\" width=\"560\" height=\"315\" frameborder=\"0\" allowfullscreen=\"allowfullscreen\"><\/iframe><\/p>\n","protected":false},"excerpt":{"rendered":"<p><iframe loading=\"lazy\" width=\"560\" height=\"315\" src=\"https:\/\/www.youtube.com\/embed\/Y7MgcDKBPpw?si=E9HlzXRQ1J1irGyz\" title=\"YouTube video player\" frameborder=\"0\" allow=\"accelerometer; autoplay; clipboard-write; encrypted-media; gyroscope; picture-in-picture; web-share\" referrerpolicy=\"strict-origin-when-cross-origin\" allowfullscreen><\/iframe><\/p>\n<p style=\"text-align: justify;\"> lundi, Gucci a officialis\u00e9 son nouveau chapitre cr\u00e9atif : celui de Demna. Avec une entr\u00e9e en sc\u00e8ne digne de son go\u00fbt pour la surprise, le cr\u00e9ateur a r\u00e9v\u00e9l\u00e9 une premi\u00e8re silhouette num\u00e9rot\u00e9e la tenue 37 accompagn\u00e9e d\u2019un lookbook photographi\u00e9 par l\u2019Am\u00e9ricaine Catherine Opie. Le lendemain, Milan vibrait au rythme de The Tiger, court-m\u00e9trage sign\u00e9 Spike Jonze et Halina Reijn, offrant une plong\u00e9e cin\u00e9matographique dans ce nouvel univers Gucci. <a href=\"https:\/\/www.mouclier.com\/index.php\/2024\/lere-demna-souvre-a-milan\/\"><strong><em>Pour lire plus cliquer ici<\/em><\/strong><\/a><\/p>\n<p style=\"text-align: justify;\">\n","protected":false},"author":1,"featured_media":0,"comment_status":"closed","ping_status":"closed","sticky":false,"template":"","format":"standard","meta":[],"categories":[1],"tags":[],"_links":{"self":[{"href":"https:\/\/www.mouclier.com\/index.php\/wp-json\/wp\/v2\/posts\/8774"}],"collection":[{"href":"https:\/\/www.mouclier.com\/index.php\/wp-json\/wp\/v2\/posts"}],"about":[{"href":"https:\/\/www.mouclier.com\/index.php\/wp-json\/wp\/v2\/types\/post"}],"author":[{"embeddable":true,"href":"https:\/\/www.mouclier.com\/index.php\/wp-json\/wp\/v2\/users\/1"}],"replies":[{"embeddable":true,"href":"https:\/\/www.mouclier.com\/index.php\/wp-json\/wp\/v2\/comments?post=8774"}],"version-history":[{"count":9,"href":"https:\/\/www.mouclier.com\/index.php\/wp-json\/wp\/v2\/posts\/8774\/revisions"}],"predecessor-version":[{"id":8783,"href":"https:\/\/www.mouclier.com\/index.php\/wp-json\/wp\/v2\/posts\/8774\/revisions\/8783"}],"wp:attachment":[{"href":"https:\/\/www.mouclier.com\/index.php\/wp-json\/wp\/v2\/media?parent=8774"}],"wp:term":[{"taxonomy":"category","embeddable":true,"href":"https:\/\/www.mouclier.com\/index.php\/wp-json\/wp\/v2\/categories?post=8774"},{"taxonomy":"post_tag","embeddable":true,"href":"https:\/\/www.mouclier.com\/index.php\/wp-json\/wp\/v2\/tags?post=8774"}],"curies":[{"name":"wp","href":"https:\/\/api.w.org\/{rel}","templated":true}]}}