{"id":727,"date":"2021-10-05T09:31:18","date_gmt":"2021-10-05T07:31:18","guid":{"rendered":"https:\/\/www.mouclier.com\/?p=727"},"modified":"2021-10-05T09:31:18","modified_gmt":"2021-10-05T07:31:18","slug":"balenciaga-barge-simpson","status":"publish","type":"post","link":"https:\/\/www.mouclier.com\/index.php\/2021\/10\/05\/balenciaga-barge-simpson\/","title":{"rendered":"BALENCIAGA BARGE SIMPSON"},"content":{"rendered":"<p style=\"text-align: justify;\">Le d\u00e9fil\u00e9 Balenciaga a brouill\u00e9 les fronti\u00e8res entre la mode et le divertissement. Il a fait fondre l\u2019image glaciale et impassible de la marque Balenciaga et a consolid\u00e9 la position de Demna Gvasalia (appel\u00e9 aussi dans le doute \u00ab absinthe \u00bb toi) comme l\u2019un des cr\u00e9ateurs les plus originaux et impr\u00e9visibles de l\u2019industrie de la Mode. Mais, comme Anonymode, il se moque des aficionados et des pique-assiettes en manque de notori\u00e9t\u00e9, ces gens de l\u2019Acad\u00e9mie du commun des immortels.<\/p>\n<p style=\"text-align: justify;\">Le Th\u00e9\u00e2tre du Ch\u00e2telet, transform\u00e9 pour la circonstance en palais des festivals, avec des photographes hurlants, et des invit\u00e9s en qu\u00eate d\u2019un petit moment de c\u00e9l\u00e9brit\u00e9, pour une c\u00e9r\u00e9monie qui ressemblait aux Oscars mais malheureusement qu\u2019une p\u00e2le imitation. Un \u00e9cran g\u00e9ant diffusait les convives se p\u00e2mant sur le tapis rouge, et nous avons pu appr\u00e9cier la tenue de nos dirigeants tellement repr\u00e9sentatifs de la mode Fran\u00e7aise!<\/p>\n<p style=\"text-align: justify;\">Et, au moment o\u00f9 Cardi B est arriv\u00e9e, le visage, en partie masqu\u00e9 par un chapeau \u00ab Philip Treacy \u00bb, en forme de cloche, sorti du d\u00e9fil\u00e9 Balenciaga et un trench-coat imprim\u00e9 d\u2019un collage de magazines people qui faisait plus caddie de supermarch\u00e9 que Cardi B, arrivant avec son concubin, qui n\u2019est pas obligatoirement un abruti de nationalit\u00e9 cubaine.<\/p>\n<p style=\"text-align: justify;\">Sur l\u2019\u00e9cran, les nuages projet\u00e9s se dissipent pour r\u00e9v\u00e9ler la maison des Simpsons, et le public, \u00e0 cet instant, hurle de plaisir, o\u00f9 quand un designer se moque des gens de la mode ! Cela n\u2019\u00e9tait certainement pas la tasse de th\u00e9 de Mme Wintour brocard\u00e9e pour la circonstance, elle qui n\u2019a ni Dieu ni ma\u00eetre, m\u00eame nageur ! Gvasalia a \u00e9t\u00e9 le dernier \u00e0 appara\u00eetre sur le tapis rouge, reprenant son look du Met Gala, \u00e0 savoir un sweat \u00e0 capuche noir, des gants et un masque, en faisant un doigt d\u2019honneur aux paparazzi qui en redemandaient, un must de distinction \u00e0 la Fran\u00e7aise, et surtout un geste qui en dit long sur la substantifique moelle de cette soir\u00e9e. Je suis rentr\u00e9 \u00e0 la maison ensuite \u00e0 pied, un peu \u00ab d\u2019Eire \u00bb, \u00e7a fait toujours du Dublin.<\/p>\n<p style=\"text-align: justify;\">Anonymode<\/p>\n","protected":false},"excerpt":{"rendered":"<p>Le d\u00e9fil\u00e9 Balenciaga a brouill\u00e9 les fronti\u00e8res entre la mode et le divertissement. Il a fait fondre l\u2019image glaciale et impassible de la marque Balenciaga et a consolid\u00e9 la position [&hellip;]<\/p>\n","protected":false},"author":1,"featured_media":728,"comment_status":"open","ping_status":"open","sticky":false,"template":"","format":"standard","meta":[],"categories":[1],"tags":[],"_links":{"self":[{"href":"https:\/\/www.mouclier.com\/index.php\/wp-json\/wp\/v2\/posts\/727"}],"collection":[{"href":"https:\/\/www.mouclier.com\/index.php\/wp-json\/wp\/v2\/posts"}],"about":[{"href":"https:\/\/www.mouclier.com\/index.php\/wp-json\/wp\/v2\/types\/post"}],"author":[{"embeddable":true,"href":"https:\/\/www.mouclier.com\/index.php\/wp-json\/wp\/v2\/users\/1"}],"replies":[{"embeddable":true,"href":"https:\/\/www.mouclier.com\/index.php\/wp-json\/wp\/v2\/comments?post=727"}],"version-history":[{"count":1,"href":"https:\/\/www.mouclier.com\/index.php\/wp-json\/wp\/v2\/posts\/727\/revisions"}],"predecessor-version":[{"id":729,"href":"https:\/\/www.mouclier.com\/index.php\/wp-json\/wp\/v2\/posts\/727\/revisions\/729"}],"wp:featuredmedia":[{"embeddable":true,"href":"https:\/\/www.mouclier.com\/index.php\/wp-json\/wp\/v2\/media\/728"}],"wp:attachment":[{"href":"https:\/\/www.mouclier.com\/index.php\/wp-json\/wp\/v2\/media?parent=727"}],"wp:term":[{"taxonomy":"category","embeddable":true,"href":"https:\/\/www.mouclier.com\/index.php\/wp-json\/wp\/v2\/categories?post=727"},{"taxonomy":"post_tag","embeddable":true,"href":"https:\/\/www.mouclier.com\/index.php\/wp-json\/wp\/v2\/tags?post=727"}],"curies":[{"name":"wp","href":"https:\/\/api.w.org\/{rel}","templated":true}]}}