{"id":4896,"date":"2024-09-25T07:43:53","date_gmt":"2024-09-25T05:43:53","guid":{"rendered":"https:\/\/www.mouclier.com\/?p=4896"},"modified":"2024-09-25T07:43:53","modified_gmt":"2024-09-25T05:43:53","slug":"ysl-le-labyrinthe-du-luxe","status":"publish","type":"post","link":"https:\/\/www.mouclier.com\/index.php\/2024\/09\/25\/ysl-le-labyrinthe-du-luxe\/","title":{"rendered":"YSL LE LABYRINTHE DU LUXE"},"content":{"rendered":"<p style=\"text-align: justify;\">C&rsquo;\u00e9tait au centre du Champs de Mars, l\u00e0 o\u00f9 il y a habituellement les vendeurs \u00e0 la sauvette de Tour Eiffel d\u00e9gag\u00e9s par la police pour la circonstance. La mani\u00e8re dont Vaccarello a stigmatis\u00e9 ce changement de lieu ou de mieux, c&rsquo;est de revenir au style du fondateur de la maison. Collection instinctivement intelligente, pour une plong\u00e9e dans le cerveau du maitre d&rsquo;Oran. Malgr\u00e9 tous les d\u00e9fis auxquels l\u2019industrie du luxe est confront\u00e9, le groupe Kering vient de comprendre que, outre la communication, le plus important est de vendre dans les boutiques.<\/p>\n<p style=\"text-align: justify;\">Alors qu&rsquo;il devenait de plus en plus difficile d\u2019identifier la singularit\u00e9 d\u2019\u00e9criture chez l&rsquo;ensemble des cr\u00e9ateurs Fran\u00e7ais, voici la fadeur du \u00ab bon \u00bb mais surtout du \u00ab s\u00fbr \u00bb pour une perspective d&rsquo;un ticket gagnant qui glisse en pente douce\u00a0sur les ann\u00e9es 70 et le club 54. La vie est comme la mode, un \u00e9ternel recommencement ! On peut certainement dire sans se tromper que Vaccarello a trouv\u00e9 la porte d&rsquo;Yves Saint-Laurent ou des archives, c&rsquo;est selon. Parfois, il est pr\u00e9f\u00e9rable quand la cr\u00e9ation vous l\u00e2che de fouiller chez les autres, mais ne pas pouvoir revenir en arri\u00e8re est une forme de progression en substance.<\/p>\n<p style=\"text-align: justify;\">FM<\/p>\n<div id='gallery-1' class='gallery galleryid-4896 gallery-columns-2 gallery-size-large'><figure class='gallery-item'>\n\t\t\t<div class='gallery-icon portrait'>\n\t\t\t\t<a href='https:\/\/www.mouclier.com\/index.php\/2024\/09\/25\/ysl-le-labyrinthe-du-luxe\/4-45\/'><img width=\"683\" height=\"1024\" src=\"https:\/\/www.mouclier.com\/wp-content\/uploads\/2024\/09\/4-3-683x1024.jpg\" class=\"attachment-large size-large\" alt=\"\" decoding=\"async\" loading=\"lazy\" srcset=\"https:\/\/www.mouclier.com\/wp-content\/uploads\/2024\/09\/4-3-683x1024.jpg 683w, https:\/\/www.mouclier.com\/wp-content\/uploads\/2024\/09\/4-3-200x300.jpg 200w, https:\/\/www.mouclier.com\/wp-content\/uploads\/2024\/09\/4-3-768x1152.jpg 768w, https:\/\/www.mouclier.com\/wp-content\/uploads\/2024\/09\/4-3-730x1095.jpg 730w, https:\/\/www.mouclier.com\/wp-content\/uploads\/2024\/09\/4-3-435x653.jpg 435w, https:\/\/www.mouclier.com\/wp-content\/uploads\/2024\/09\/4-3.jpg 1000w\" sizes=\"(max-width: 683px) 100vw, 683px\" \/><\/a>\n\t\t\t<\/div><\/figure><figure class='gallery-item'>\n\t\t\t<div class='gallery-icon portrait'>\n\t\t\t\t<a href='https:\/\/www.mouclier.com\/index.php\/2024\/09\/25\/ysl-le-labyrinthe-du-luxe\/6-33\/'><img width=\"683\" height=\"1024\" src=\"https:\/\/www.mouclier.com\/wp-content\/uploads\/2024\/09\/6-3-683x1024.jpg\" class=\"attachment-large size-large\" alt=\"\" decoding=\"async\" loading=\"lazy\" srcset=\"https:\/\/www.mouclier.com\/wp-content\/uploads\/2024\/09\/6-3-683x1024.jpg 683w, https:\/\/www.mouclier.com\/wp-content\/uploads\/2024\/09\/6-3-200x300.jpg 200w, https:\/\/www.mouclier.com\/wp-content\/uploads\/2024\/09\/6-3-768x1152.jpg 768w, https:\/\/www.mouclier.com\/wp-content\/uploads\/2024\/09\/6-3-730x1095.jpg 730w, https:\/\/www.mouclier.com\/wp-content\/uploads\/2024\/09\/6-3-435x653.jpg 435w, https:\/\/www.mouclier.com\/wp-content\/uploads\/2024\/09\/6-3.jpg 1000w\" sizes=\"(max-width: 683px) 100vw, 683px\" \/><\/a>\n\t\t\t<\/div><\/figure><figure class='gallery-item'>\n\t\t\t<div class='gallery-icon portrait'>\n\t\t\t\t<a href='https:\/\/www.mouclier.com\/index.php\/2024\/09\/25\/ysl-le-labyrinthe-du-luxe\/7-19\/'><img width=\"683\" height=\"1024\" src=\"https:\/\/www.mouclier.com\/wp-content\/uploads\/2024\/09\/7-683x1024.jpg\" class=\"attachment-large size-large\" alt=\"\" decoding=\"async\" loading=\"lazy\" srcset=\"https:\/\/www.mouclier.com\/wp-content\/uploads\/2024\/09\/7-683x1024.jpg 683w, https:\/\/www.mouclier.com\/wp-content\/uploads\/2024\/09\/7-200x300.jpg 200w, https:\/\/www.mouclier.com\/wp-content\/uploads\/2024\/09\/7-768x1152.jpg 768w, https:\/\/www.mouclier.com\/wp-content\/uploads\/2024\/09\/7-730x1095.jpg 730w, https:\/\/www.mouclier.com\/wp-content\/uploads\/2024\/09\/7-435x653.jpg 435w, https:\/\/www.mouclier.com\/wp-content\/uploads\/2024\/09\/7.jpg 1000w\" sizes=\"(max-width: 683px) 100vw, 683px\" \/><\/a>\n\t\t\t<\/div><\/figure><figure class='gallery-item'>\n\t\t\t<div class='gallery-icon portrait'>\n\t\t\t\t<a href='https:\/\/www.mouclier.com\/index.php\/2024\/09\/25\/ysl-le-labyrinthe-du-luxe\/9-13\/'><img width=\"683\" height=\"1024\" src=\"https:\/\/www.mouclier.com\/wp-content\/uploads\/2024\/09\/9-1-683x1024.jpg\" class=\"attachment-large size-large\" alt=\"\" decoding=\"async\" loading=\"lazy\" srcset=\"https:\/\/www.mouclier.com\/wp-content\/uploads\/2024\/09\/9-1-683x1024.jpg 683w, https:\/\/www.mouclier.com\/wp-content\/uploads\/2024\/09\/9-1-200x300.jpg 200w, https:\/\/www.mouclier.com\/wp-content\/uploads\/2024\/09\/9-1-768x1152.jpg 768w, https:\/\/www.mouclier.com\/wp-content\/uploads\/2024\/09\/9-1-730x1095.jpg 730w, https:\/\/www.mouclier.com\/wp-content\/uploads\/2024\/09\/9-1-435x653.jpg 435w, https:\/\/www.mouclier.com\/wp-content\/uploads\/2024\/09\/9-1.jpg 1000w\" sizes=\"(max-width: 683px) 100vw, 683px\" \/><\/a>\n\t\t\t<\/div><\/figure>\n\t\t<\/div>\n\n","protected":false},"excerpt":{"rendered":"<p style=\"text-align: justify;\">C&rsquo;\u00e9tait au centre du Champs de Mars, l\u00e0 o\u00f9 il y a habituellement les vendeurs \u00e0 la sauvette de Tour Eiffel d\u00e9gag\u00e9s par la police pour la circonstance. La mani\u00e8re dont Vaccarello a stigmatis\u00e9 ce changement de lieu ou de mieux, c&rsquo;est de revenir au style du fondateur de la maison. Collection instinctivement intelligente, pour une plong\u00e9e dans le cerveau du maitre d&rsquo;Oran. Malgr\u00e9 tous les d\u00e9fis auxquels l\u2019industrie du luxe est confront\u00e9, le groupe Kering vient de comprendre que, outre la communication, le plus important est de vendre dans les boutiques. <a href=\"https:\/\/www.mouclier.com\/index.php\/2024\/ysl-le-labyrinthe-du-luxe\/\"><strong><em>Pour lire plus cliquer ici<\/em><\/strong><\/a><\/p>\n<p style=\"text-align: justify;\">\n","protected":false},"author":1,"featured_media":4901,"comment_status":"closed","ping_status":"closed","sticky":false,"template":"","format":"standard","meta":[],"categories":[1],"tags":[23],"_links":{"self":[{"href":"https:\/\/www.mouclier.com\/index.php\/wp-json\/wp\/v2\/posts\/4896"}],"collection":[{"href":"https:\/\/www.mouclier.com\/index.php\/wp-json\/wp\/v2\/posts"}],"about":[{"href":"https:\/\/www.mouclier.com\/index.php\/wp-json\/wp\/v2\/types\/post"}],"author":[{"embeddable":true,"href":"https:\/\/www.mouclier.com\/index.php\/wp-json\/wp\/v2\/users\/1"}],"replies":[{"embeddable":true,"href":"https:\/\/www.mouclier.com\/index.php\/wp-json\/wp\/v2\/comments?post=4896"}],"version-history":[{"count":5,"href":"https:\/\/www.mouclier.com\/index.php\/wp-json\/wp\/v2\/posts\/4896\/revisions"}],"predecessor-version":[{"id":4906,"href":"https:\/\/www.mouclier.com\/index.php\/wp-json\/wp\/v2\/posts\/4896\/revisions\/4906"}],"wp:featuredmedia":[{"embeddable":true,"href":"https:\/\/www.mouclier.com\/index.php\/wp-json\/wp\/v2\/media\/4901"}],"wp:attachment":[{"href":"https:\/\/www.mouclier.com\/index.php\/wp-json\/wp\/v2\/media?parent=4896"}],"wp:term":[{"taxonomy":"category","embeddable":true,"href":"https:\/\/www.mouclier.com\/index.php\/wp-json\/wp\/v2\/categories?post=4896"},{"taxonomy":"post_tag","embeddable":true,"href":"https:\/\/www.mouclier.com\/index.php\/wp-json\/wp\/v2\/tags?post=4896"}],"curies":[{"name":"wp","href":"https:\/\/api.w.org\/{rel}","templated":true}]}}