{"id":328,"date":"2021-03-31T06:00:43","date_gmt":"2021-03-31T04:00:43","guid":{"rendered":"https:\/\/www.mouclier.com\/?p=328"},"modified":"2021-03-31T07:25:25","modified_gmt":"2021-03-31T05:25:25","slug":"karl-forever-21","status":"publish","type":"post","link":"https:\/\/www.mouclier.com\/index.php\/2021\/03\/31\/karl-forever-21\/","title":{"rendered":"KARL FOREVER 21"},"content":{"rendered":"<p style=\"text-align: justify;\">Y-a-t-il quelque chose de plus dans \u00ab Karl Lagerfeld \u00bb que Lagerfeld lui-m\u00eame dans les chemises soign\u00e9es et le tailoring chic ? Les lunettes noires pour nuits blanches pour une collection automne 2021 qui rend hommage au style graphique personnel de notre souffre-douleur pr\u00e9f\u00e9r\u00e9, que nous aimions beaucoup pour son humour.<\/p>\n<p style=\"text-align: justify;\">Promotion du d\u00e9funt designer allant du Denim fonc\u00e9 jusqu&rsquo;\u00e0 son c\u00e9l\u00e8bre cam\u00e9e qui se fait camouflage, ainsi les smokings faits sur mesure, qu&rsquo;il portait tous les jours de la semaine, sont l\u00e9gendes, et malgr\u00e9 qu&rsquo;il se soit d\u00e9barrass\u00e9 de son \u00e9ventail \u00e0 l&rsquo;aube du nouveau mill\u00e9naire, voici l&rsquo;occasion d&rsquo;acqu\u00e9rir une broche ou un sac de soir\u00e9e dans un motif synonyme du designer allemand, le plus c\u00e9l\u00e8bre de France, pour marquer votre diff\u00e9rence, celle de l&rsquo;indiff\u00e9rence.<\/p>\n<p style=\"text-align: justify;\">Anonymode<\/p>\n<div id='gallery-1' class='gallery galleryid-328 gallery-columns-2 gallery-size-large'><figure class='gallery-item'>\n\t\t\t<div class='gallery-icon portrait'>\n\t\t\t\t<a href='https:\/\/www.mouclier.com\/index.php\/2021\/03\/31\/karl-forever-21\/karl2021-3\/'><img width=\"683\" height=\"1024\" src=\"https:\/\/www.mouclier.com\/wp-content\/uploads\/2021\/03\/Karl2021-3-683x1024.jpg\" class=\"attachment-large size-large\" alt=\"\" decoding=\"async\" loading=\"lazy\" srcset=\"https:\/\/www.mouclier.com\/wp-content\/uploads\/2021\/03\/Karl2021-3-683x1024.jpg 683w, https:\/\/www.mouclier.com\/wp-content\/uploads\/2021\/03\/Karl2021-3-200x300.jpg 200w, https:\/\/www.mouclier.com\/wp-content\/uploads\/2021\/03\/Karl2021-3-768x1152.jpg 768w, https:\/\/www.mouclier.com\/wp-content\/uploads\/2021\/03\/Karl2021-3-520x780.jpg 520w, https:\/\/www.mouclier.com\/wp-content\/uploads\/2021\/03\/Karl2021-3-740x1110.jpg 740w, https:\/\/www.mouclier.com\/wp-content\/uploads\/2021\/03\/Karl2021-3.jpg 800w\" sizes=\"(max-width: 683px) 100vw, 683px\" \/><\/a>\n\t\t\t<\/div><\/figure><figure class='gallery-item'>\n\t\t\t<div class='gallery-icon portrait'>\n\t\t\t\t<a href='https:\/\/www.mouclier.com\/index.php\/2021\/03\/31\/karl-forever-21\/karl2021-8\/'><img width=\"683\" height=\"1024\" src=\"https:\/\/www.mouclier.com\/wp-content\/uploads\/2021\/03\/Karl2021-8-683x1024.jpg\" class=\"attachment-large size-large\" alt=\"\" decoding=\"async\" loading=\"lazy\" srcset=\"https:\/\/www.mouclier.com\/wp-content\/uploads\/2021\/03\/Karl2021-8-683x1024.jpg 683w, https:\/\/www.mouclier.com\/wp-content\/uploads\/2021\/03\/Karl2021-8-200x300.jpg 200w, https:\/\/www.mouclier.com\/wp-content\/uploads\/2021\/03\/Karl2021-8-768x1152.jpg 768w, https:\/\/www.mouclier.com\/wp-content\/uploads\/2021\/03\/Karl2021-8-520x780.jpg 520w, https:\/\/www.mouclier.com\/wp-content\/uploads\/2021\/03\/Karl2021-8-740x1110.jpg 740w, https:\/\/www.mouclier.com\/wp-content\/uploads\/2021\/03\/Karl2021-8.jpg 800w\" sizes=\"(max-width: 683px) 100vw, 683px\" \/><\/a>\n\t\t\t<\/div><\/figure><figure class='gallery-item'>\n\t\t\t<div class='gallery-icon portrait'>\n\t\t\t\t<a href='https:\/\/www.mouclier.com\/index.php\/2021\/03\/31\/karl-forever-21\/karl2021-9\/'><img width=\"683\" height=\"1024\" src=\"https:\/\/www.mouclier.com\/wp-content\/uploads\/2021\/03\/Karl2021-9-683x1024.jpg\" class=\"attachment-large size-large\" alt=\"\" decoding=\"async\" loading=\"lazy\" srcset=\"https:\/\/www.mouclier.com\/wp-content\/uploads\/2021\/03\/Karl2021-9-683x1024.jpg 683w, https:\/\/www.mouclier.com\/wp-content\/uploads\/2021\/03\/Karl2021-9-200x300.jpg 200w, https:\/\/www.mouclier.com\/wp-content\/uploads\/2021\/03\/Karl2021-9-768x1152.jpg 768w, https:\/\/www.mouclier.com\/wp-content\/uploads\/2021\/03\/Karl2021-9-520x780.jpg 520w, https:\/\/www.mouclier.com\/wp-content\/uploads\/2021\/03\/Karl2021-9-740x1110.jpg 740w, https:\/\/www.mouclier.com\/wp-content\/uploads\/2021\/03\/Karl2021-9.jpg 960w\" sizes=\"(max-width: 683px) 100vw, 683px\" \/><\/a>\n\t\t\t<\/div><\/figure><figure class='gallery-item'>\n\t\t\t<div class='gallery-icon portrait'>\n\t\t\t\t<a href='https:\/\/www.mouclier.com\/index.php\/2021\/03\/31\/karl-forever-21\/karl2021-10\/'><img width=\"683\" height=\"1024\" src=\"https:\/\/www.mouclier.com\/wp-content\/uploads\/2021\/03\/Karl2021-10-683x1024.jpg\" class=\"attachment-large size-large\" alt=\"\" decoding=\"async\" loading=\"lazy\" srcset=\"https:\/\/www.mouclier.com\/wp-content\/uploads\/2021\/03\/Karl2021-10-683x1024.jpg 683w, https:\/\/www.mouclier.com\/wp-content\/uploads\/2021\/03\/Karl2021-10-200x300.jpg 200w, https:\/\/www.mouclier.com\/wp-content\/uploads\/2021\/03\/Karl2021-10-768x1152.jpg 768w, https:\/\/www.mouclier.com\/wp-content\/uploads\/2021\/03\/Karl2021-10-520x780.jpg 520w, https:\/\/www.mouclier.com\/wp-content\/uploads\/2021\/03\/Karl2021-10-740x1110.jpg 740w, https:\/\/www.mouclier.com\/wp-content\/uploads\/2021\/03\/Karl2021-10.jpg 960w\" sizes=\"(max-width: 683px) 100vw, 683px\" \/><\/a>\n\t\t\t<\/div><\/figure>\n\t\t<\/div>\n\n","protected":false},"excerpt":{"rendered":"<p>Y-a-t-il quelque chose de plus dans \u00ab Karl Lagerfeld \u00bb que Lagerfeld lui-m\u00eame dans les chemises soign\u00e9es et le tailoring chic ? Les lunettes noires pour nuits blanches pour une [&hellip;]<\/p>\n","protected":false},"author":1,"featured_media":329,"comment_status":"open","ping_status":"open","sticky":false,"template":"","format":"standard","meta":[],"categories":[1],"tags":[],"_links":{"self":[{"href":"https:\/\/www.mouclier.com\/index.php\/wp-json\/wp\/v2\/posts\/328"}],"collection":[{"href":"https:\/\/www.mouclier.com\/index.php\/wp-json\/wp\/v2\/posts"}],"about":[{"href":"https:\/\/www.mouclier.com\/index.php\/wp-json\/wp\/v2\/types\/post"}],"author":[{"embeddable":true,"href":"https:\/\/www.mouclier.com\/index.php\/wp-json\/wp\/v2\/users\/1"}],"replies":[{"embeddable":true,"href":"https:\/\/www.mouclier.com\/index.php\/wp-json\/wp\/v2\/comments?post=328"}],"version-history":[{"count":6,"href":"https:\/\/www.mouclier.com\/index.php\/wp-json\/wp\/v2\/posts\/328\/revisions"}],"predecessor-version":[{"id":347,"href":"https:\/\/www.mouclier.com\/index.php\/wp-json\/wp\/v2\/posts\/328\/revisions\/347"}],"wp:featuredmedia":[{"embeddable":true,"href":"https:\/\/www.mouclier.com\/index.php\/wp-json\/wp\/v2\/media\/329"}],"wp:attachment":[{"href":"https:\/\/www.mouclier.com\/index.php\/wp-json\/wp\/v2\/media?parent=328"}],"wp:term":[{"taxonomy":"category","embeddable":true,"href":"https:\/\/www.mouclier.com\/index.php\/wp-json\/wp\/v2\/categories?post=328"},{"taxonomy":"post_tag","embeddable":true,"href":"https:\/\/www.mouclier.com\/index.php\/wp-json\/wp\/v2\/tags?post=328"}],"curies":[{"name":"wp","href":"https:\/\/api.w.org\/{rel}","templated":true}]}}