{"id":2575,"date":"2023-12-20T06:44:55","date_gmt":"2023-12-20T05:44:55","guid":{"rendered":"https:\/\/www.mouclier.com\/?p=2575"},"modified":"2024-01-07T08:53:31","modified_gmt":"2024-01-07T07:53:31","slug":"un-refus-de-vente-pour-noel","status":"publish","type":"post","link":"https:\/\/www.mouclier.com\/index.php\/2023\/12\/20\/un-refus-de-vente-pour-noel\/","title":{"rendered":"UN REFUS DE VENTE POUR NO\u00cbL"},"content":{"rendered":"<p style=\"text-align: justify;\">Je vais certainement \u00eatre blacklist\u00e9 dans toute la profession, et dans le secteur de l\u2019horlogerie car la m\u00e9canique du temps est un secteur tr\u00e8s tr\u00e8s ferm\u00e9. Pour celui qui \u00ab Oh crime de l\u00e8se-majest\u00e9 \u00bb a l\u2019outrecuidance de critiquer une marque, il sera syst\u00e9matiquement \u00e9loign\u00e9 de la profession une vision poutinienne ou de Cor\u00e9e du Nord avant l\u2019heure sans les minutes. Il n\u2019y a pas que le mieux qui soit l\u2019ennemi du bien, le pire aussi ainsi que le quelconque.<\/p>\n<p style=\"text-align: justify;\">Eh moi, cher Monsieur Marc, sachez que je me fous d\u2019\u00eatre blacklist\u00e9 de vos marques car ce que j\u2019aime dans le luxe c\u2019est une m\u00e9canique commerciale bien huil\u00e9e tout comme la centaine de montres que je poss\u00e8de. J\u2019avais d\u00e9j\u00e0 eu une tr\u00e8s mauvaise exp\u00e9rience avec une montre Tissot que ma femme m\u2019avait offerte pour mon anniversaire, qui \u00e9tait d\u2019ailleurs la marque de ma premi\u00e8re montre pour ma communion solennelle, mais cette fois-ci trop c\u2019est trop !<\/p>\n<p style=\"text-align: justify;\">Ladite montre de plong\u00e9e, au bout d\u2019un an et demi de Covid, qui \u00e9tait rest\u00e9e au coffre, a vu l\u2019index luminescent tomber au fond du boitier. Apr\u00e8s 6 mois, la montre est revenue et elle retardait de cinq minutes toutes les heures. Bref, finalement je l\u2019ai r\u00e9cup\u00e9r\u00e9e six mois plus tard pour finalement partir en vacances avec. Honn\u00eatement, maintenant, elle marche, mais le chemin fut long !<\/p>\n<p style=\"text-align: justify;\">Alors, quand ce matin je me fais rabrouer par cette humaine de contrefa\u00e7on de la boutique Swatch du Louvre, vous pouvez vous imaginer combien j\u2019ai \u00e9t\u00e9 \u00ab choqu\u00e9 \u00bb car apr\u00e8s avoir v\u00e9rifi\u00e9 sur le site internet l\u2019heure de l\u2019ouverture de la boutique qui \u00e9tait \u00e0 dix heures, et que l\u2019on me lance \u00e0 10h40 que \u00ab la boutique est ferm\u00e9e \u00bb alors que la porte est ouverte, c\u2019est incompr\u00e9hensible et c\u2019est un vrai manque de respect vis-\u00e0-vis du client. Mais on sait que les vendeurs et vendeuses dans les magasins de marques fran\u00e7aises se prennent pour les rois et les reines : pauvres clients. Bref, je r\u00e9torque : Il est 10h45. Vous \u00eates sens\u00e9 avoir ouvert il y a d\u00e9j\u00e0 45 minutes ! \u00bb<\/p>\n<p style=\"text-align: justify;\">Je n\u2019insiste pas et lui lance : \u00ab pas grave, c\u2019est vous qui perdez un client. Le groupe aura un de mes fameux pamphlets \u00e0 la sauce Anonymode \u00bb. Pas \u00e9tonnant que les actions du groupe ce matin sont en chute libre car, en effet, si il refuse les clients ceci explique cela. Malgr\u00e9 tout je voudrais dire au pr\u00e9sident de cette soci\u00e9t\u00e9 qu\u2019il n\u2019y a pas de mauvais employ\u00e9s, il n\u2019y a que des mauvais patrons qui ne savent pas former leurs gens. Et ce que j\u2019aime chez le Seigneur des Arnault, c\u2019est que lui au moins il va voir ce qui se passe dans ses boutiques. A bon entendeur, salut.<\/p>\n<p style=\"text-align: justify;\">FM<\/p>\n","protected":false},"excerpt":{"rendered":"<p style=\"text-align: justify;\">Je vais certainement \u00eatre blacklist\u00e9 dans toute la profession, et dans le secteur de l\u2019horlogerie car la m\u00e9canique du temps est un secteur tr\u00e8s tr\u00e8s ferm\u00e9. Pour celui qui \u00ab Oh crime de l\u00e8se-majest\u00e9 \u00bb a l\u2019outrecuidance de critiquer une marque, il sera syst\u00e9matiquement \u00e9loign\u00e9 de la profession une vision poutinienne ou de Cor\u00e9e du Nord avant l\u2019heure sans les minutes. Il n\u2019y a pas que le mieux qui soit l\u2019ennemi du bien, le pire aussi ainsi que le quelconque.<\/p>\n<p style=\"text-align: justify;\">\n<p style=\"text-align: justify;\">Eh moi, cher Monsieur Marc, sachez que je me fous d\u2019\u00eatre blacklist\u00e9 de vos marques car ce que j\u2019aime dans le luxe c\u2019est une m\u00e9canique commerciale bien huil\u00e9e tout comme la centaine de montres que je poss\u00e8de. <\/p>\n<p style=\"text-align: justify;\">\n","protected":false},"author":1,"featured_media":2576,"comment_status":"open","ping_status":"open","sticky":false,"template":"","format":"standard","meta":[],"categories":[1],"tags":[20,19],"_links":{"self":[{"href":"https:\/\/www.mouclier.com\/index.php\/wp-json\/wp\/v2\/posts\/2575"}],"collection":[{"href":"https:\/\/www.mouclier.com\/index.php\/wp-json\/wp\/v2\/posts"}],"about":[{"href":"https:\/\/www.mouclier.com\/index.php\/wp-json\/wp\/v2\/types\/post"}],"author":[{"embeddable":true,"href":"https:\/\/www.mouclier.com\/index.php\/wp-json\/wp\/v2\/users\/1"}],"replies":[{"embeddable":true,"href":"https:\/\/www.mouclier.com\/index.php\/wp-json\/wp\/v2\/comments?post=2575"}],"version-history":[{"count":4,"href":"https:\/\/www.mouclier.com\/index.php\/wp-json\/wp\/v2\/posts\/2575\/revisions"}],"predecessor-version":[{"id":2613,"href":"https:\/\/www.mouclier.com\/index.php\/wp-json\/wp\/v2\/posts\/2575\/revisions\/2613"}],"wp:featuredmedia":[{"embeddable":true,"href":"https:\/\/www.mouclier.com\/index.php\/wp-json\/wp\/v2\/media\/2576"}],"wp:attachment":[{"href":"https:\/\/www.mouclier.com\/index.php\/wp-json\/wp\/v2\/media?parent=2575"}],"wp:term":[{"taxonomy":"category","embeddable":true,"href":"https:\/\/www.mouclier.com\/index.php\/wp-json\/wp\/v2\/categories?post=2575"},{"taxonomy":"post_tag","embeddable":true,"href":"https:\/\/www.mouclier.com\/index.php\/wp-json\/wp\/v2\/tags?post=2575"}],"curies":[{"name":"wp","href":"https:\/\/api.w.org\/{rel}","templated":true}]}}