{"id":2132,"date":"2023-06-01T06:38:51","date_gmt":"2023-06-01T04:38:51","guid":{"rendered":"https:\/\/www.mouclier.com\/?p=2132"},"modified":"2024-12-17T10:59:03","modified_gmt":"2024-12-17T09:59:03","slug":"balenciaga-la-foire-des-tenebres","status":"publish","type":"post","link":"https:\/\/www.mouclier.com\/index.php\/2023\/06\/01\/balenciaga-la-foire-des-tenebres\/","title":{"rendered":"BALENCIAGA LA FOIRE DES T\u00c9N\u00c8BRES"},"content":{"rendered":"<p style=\"text-align: justify;\">Baptis\u00e9e \u00ab Capitale B \u00bb comme Bain de fou, pour la trempette de la renomm\u00e9e, un d\u00e9fil\u00e9 digital en \u200btime-lapse et tourn\u00e9 devant l\u2019embl\u00e9matique adresse du 10, avenue George V. Une chose est s\u00fbre ; Tonton Cristobal n\u2019est pas de retour. Et avec Demna, le \u00ab G\u00e9or-rien \u00bb, les podiums sont toujours \u00e9clairs du n\u00e9ant. Le coutumier continue \u00e0 construit sa l\u00e9gende tout seul, et m\u00eame sans public, il insiste \u00e0 diffuser son poison dans \u00ab l\u2019An pire \u00bb de la mode qu\u2019il veut construire autour de lui.<\/p>\n<p style=\"text-align: justify;\">Des silhouettes munies de solaire se faufilent sur le trottoir, non loin du \u00ab 10 \u00bb. Les fans sauront de quoi je parle. A pied, sur une planche de skate-board, des parisiens incertains prom\u00e8nent leurs chiens, d\u2019autres transportent des colis\u2026 cela s\u2019appelle des livreurs, et parmi eux des paniers de courses. Des passants affair\u00e9s se croisent puis s\u2019abritent des pluies soudaines, ce qui prouve bien que dans sa vision, qu\u2019il n\u2019a pas voyag\u00e9 \u00e0 Paris depuis longtemps. Un Paris id\u00e9alis\u00e9 pour faire plaisir \u00e0 la reine Magot, salonnarde en chef de la mode et de ses courtisans.<\/p>\n<p style=\"text-align: justify;\">Les hommes habill\u00e9s d\u2019un manteau mi-tartan mi-matelass\u00e9 en laine sarde, des trench-coats noirs de jais et jupes fa\u00e7on serviette, baptis\u00e9es \u00ab Towel Skirt \u00bb, superpos\u00e9es \u00e0 des pantalons de jogging baggy pour les \u00ab Jails Heure \u00bb de la Fashion Week. Dans le giron du groupe de luxe Kering, men\u00e9 par le fils du Prince de Venise, celui-ci adopte le profil bas de Prom\u00e9th\u00e9e, depuis le scandale des publicit\u00e9s controvers\u00e9es en d\u00e9cembre dernier, donc pas de logo ni nounours. Mais, en ce qui concerne Demna Gvasalia, si l\u2019empire du n\u00e9ant vous attire si \u00e9perdument, alors r\u00e9gnez-y, mais surtout restez-y.<\/p>\n<p style=\"text-align: justify;\">FM.<\/p>\n<div id='gallery-1' class='gallery galleryid-2132 gallery-columns-2 gallery-size-large'><figure class='gallery-item'>\n\t\t\t<div class='gallery-icon portrait'>\n\t\t\t\t<a href='https:\/\/www.mouclier.com\/index.php\/2023\/06\/01\/balenciaga-la-foire-des-tenebres\/1-21\/'><img width=\"485\" height=\"689\" src=\"https:\/\/www.mouclier.com\/wp-content\/uploads\/2023\/06\/1.jpg\" class=\"attachment-large size-large\" alt=\"\" decoding=\"async\" loading=\"lazy\" srcset=\"https:\/\/www.mouclier.com\/wp-content\/uploads\/2023\/06\/1.jpg 485w, https:\/\/www.mouclier.com\/wp-content\/uploads\/2023\/06\/1-211x300.jpg 211w\" sizes=\"(max-width: 485px) 100vw, 485px\" \/><\/a>\n\t\t\t<\/div><\/figure><figure class='gallery-item'>\n\t\t\t<div class='gallery-icon portrait'>\n\t\t\t\t<a href='https:\/\/www.mouclier.com\/index.php\/2023\/06\/01\/balenciaga-la-foire-des-tenebres\/2-23\/'><img width=\"485\" height=\"689\" src=\"https:\/\/www.mouclier.com\/wp-content\/uploads\/2023\/06\/2.jpg\" class=\"attachment-large size-large\" alt=\"\" decoding=\"async\" loading=\"lazy\" srcset=\"https:\/\/www.mouclier.com\/wp-content\/uploads\/2023\/06\/2.jpg 485w, https:\/\/www.mouclier.com\/wp-content\/uploads\/2023\/06\/2-211x300.jpg 211w\" sizes=\"(max-width: 485px) 100vw, 485px\" \/><\/a>\n\t\t\t<\/div><\/figure><figure class='gallery-item'>\n\t\t\t<div class='gallery-icon portrait'>\n\t\t\t\t<a href='https:\/\/www.mouclier.com\/index.php\/2023\/06\/01\/balenciaga-la-foire-des-tenebres\/3-19\/'><img width=\"485\" height=\"689\" src=\"https:\/\/www.mouclier.com\/wp-content\/uploads\/2023\/06\/3.jpg\" class=\"attachment-large size-large\" alt=\"\" decoding=\"async\" loading=\"lazy\" srcset=\"https:\/\/www.mouclier.com\/wp-content\/uploads\/2023\/06\/3.jpg 485w, https:\/\/www.mouclier.com\/wp-content\/uploads\/2023\/06\/3-211x300.jpg 211w\" sizes=\"(max-width: 485px) 100vw, 485px\" \/><\/a>\n\t\t\t<\/div><\/figure><figure class='gallery-item'>\n\t\t\t<div class='gallery-icon portrait'>\n\t\t\t\t<a href='https:\/\/www.mouclier.com\/index.php\/2023\/06\/01\/balenciaga-la-foire-des-tenebres\/4-26\/'><img width=\"485\" height=\"689\" src=\"https:\/\/www.mouclier.com\/wp-content\/uploads\/2023\/06\/4.jpg\" class=\"attachment-large size-large\" alt=\"\" decoding=\"async\" loading=\"lazy\" srcset=\"https:\/\/www.mouclier.com\/wp-content\/uploads\/2023\/06\/4.jpg 485w, https:\/\/www.mouclier.com\/wp-content\/uploads\/2023\/06\/4-211x300.jpg 211w\" sizes=\"(max-width: 485px) 100vw, 485px\" \/><\/a>\n\t\t\t<\/div><\/figure>\n\t\t<\/div>\n\n","protected":false},"excerpt":{"rendered":"<p>Baptis\u00e9e \u00ab Capitale B \u00bb comme Bain de fou, pour la trempette de la renomm\u00e9e, un d\u00e9fil\u00e9 digital en \u200btime-lapse et tourn\u00e9 devant l\u2019embl\u00e9matique adresse du 10, avenue George V. [&hellip;]<\/p>\n","protected":false},"author":1,"featured_media":2133,"comment_status":"open","ping_status":"open","sticky":false,"template":"","format":"standard","meta":[],"categories":[1],"tags":[],"_links":{"self":[{"href":"https:\/\/www.mouclier.com\/index.php\/wp-json\/wp\/v2\/posts\/2132"}],"collection":[{"href":"https:\/\/www.mouclier.com\/index.php\/wp-json\/wp\/v2\/posts"}],"about":[{"href":"https:\/\/www.mouclier.com\/index.php\/wp-json\/wp\/v2\/types\/post"}],"author":[{"embeddable":true,"href":"https:\/\/www.mouclier.com\/index.php\/wp-json\/wp\/v2\/users\/1"}],"replies":[{"embeddable":true,"href":"https:\/\/www.mouclier.com\/index.php\/wp-json\/wp\/v2\/comments?post=2132"}],"version-history":[{"count":1,"href":"https:\/\/www.mouclier.com\/index.php\/wp-json\/wp\/v2\/posts\/2132\/revisions"}],"predecessor-version":[{"id":2138,"href":"https:\/\/www.mouclier.com\/index.php\/wp-json\/wp\/v2\/posts\/2132\/revisions\/2138"}],"wp:featuredmedia":[{"embeddable":true,"href":"https:\/\/www.mouclier.com\/index.php\/wp-json\/wp\/v2\/media\/2133"}],"wp:attachment":[{"href":"https:\/\/www.mouclier.com\/index.php\/wp-json\/wp\/v2\/media?parent=2132"}],"wp:term":[{"taxonomy":"category","embeddable":true,"href":"https:\/\/www.mouclier.com\/index.php\/wp-json\/wp\/v2\/categories?post=2132"},{"taxonomy":"post_tag","embeddable":true,"href":"https:\/\/www.mouclier.com\/index.php\/wp-json\/wp\/v2\/tags?post=2132"}],"curies":[{"name":"wp","href":"https:\/\/api.w.org\/{rel}","templated":true}]}}