{"id":12879,"date":"2026-09-04T06:00:11","date_gmt":"2026-09-04T04:00:11","guid":{"rendered":"https:\/\/www.mouclier.com\/?p=12879"},"modified":"2026-09-03T20:59:34","modified_gmt":"2026-09-03T18:59:34","slug":"y-a-t-il-un-pilote-dans-lavion-mode","status":"publish","type":"post","link":"https:\/\/www.mouclier.com\/index.php\/2026\/09\/04\/y-a-t-il-un-pilote-dans-lavion-mode\/","title":{"rendered":"Y A-T-IL UN PILOTE DANS L&rsquo;AVION MODE ?"},"content":{"rendered":"<p style=\"text-align: justify;\">Quand les institutions de la mode prennent de l\u2019altitude, ils oublient de regarder ceux qui cr\u00e9ent au sol. Il y a quelque chose d&rsquo;assez fascinant dans cette image : un avion priv\u00e9, deux hommes qui discutent, des fauteuils confortables, les nuages derri\u00e8re les hublots&#8230; Une sc\u00e8ne presque parfaite d&rsquo;un autre temps, car autrefois il y avait des visionnaires pour le secteur. Une question s&rsquo;impose imm\u00e9diatement : Y a-t-il encore aujourd&rsquo;hui un pilote dans l&rsquo;avion mode ?<\/p>\n<p style=\"text-align: justify;\">A force de r\u00e9unions, de commissions, de rapports, de colloques et de grands discours sur \u00ab l&rsquo;avenir de la cr\u00e9ation \u00bb, on finit par se demander qui tient r\u00e9ellement les commandes. Pendant que les institutions cherchent encore la recette miracle pour faire \u00e9merger les cr\u00e9ateurs de demain, une nouvelle g\u00e9n\u00e9ration travaille d\u00e9j\u00e0. Elle exp\u00e9rimente dans des ateliers minuscules, transforme des v\u00eatements anciens, invente de nouvelles mati\u00e8res, m\u00e9lange artisanat et technologie, publie son travail sur Internet et tente, tant bien que mal, de se faire remarquer. Mais surtout elle manque cruellement de boutique pour vendre leurs produits<\/p>\n<p style=\"text-align: justify;\">Le probl\u00e8me n&rsquo;est peut-\u00eatre donc pas l&rsquo;absence de talents, le probl\u00e8me, c&rsquo;est peut-\u00eatre l&rsquo;absence de radars du Marrant, la mode adore parler de jeunesse\u2026 beaucoup moins lui donner les cl\u00e9s. On entend r\u00e9guli\u00e8rement les m\u00eames mots : innovation, transmission, cr\u00e9ativit\u00e9, patrimoine et jeunes talents.<\/p>\n<p style=\"text-align: justify;\">Tr\u00e8s bien : Mais concr\u00e8tement, combien de nouveaux cr\u00e9ateurs b\u00e9n\u00e9ficient r\u00e9ellement d&rsquo;un accompagnement s\u00e9rieux ? Combien peuvent acc\u00e9der \u00e0 des ateliers, \u00e0 des mati\u00e8res, \u00e0 des financements, \u00e0 des r\u00e9seaux de distribution ou simplement \u00e0 une v\u00e9ritable visibilit\u00e9 m\u00e9diatique ?<\/p>\n<p style=\"text-align: justify;\">Car il existe une contradiction assez spectaculaire.\u00a0D&rsquo;un c\u00f4t\u00e9, on explique que la France doit pr\u00e9server son savoir-faire et rester une capitale mondiale de la cr\u00e9ation.\u00a0De l&rsquo;autre, le jeune cr\u00e9ateur qui essaie de construire quelque chose doit parfois se d\u00e9brouiller seul, avec Instagram comme vitrine, son appartement comme atelier et son compte bancaire ou celui de ses parents comme principal investisseur.<\/p>\n<p style=\"text-align: justify;\">Pendant ce temps, les institutions continuent de chercher \u00ab l&rsquo;id\u00e9e \u00bb. Et c&rsquo;est probablement l\u00e0 que le b\u00e2t blesse. On ne manque pas n\u00e9cessairement d&rsquo;argent, de patrimoine ou de savoir-faire, on manque parfois d&rsquo;imagination institutionnelle. C&rsquo;est le paradoxe : la France poss\u00e8de un patrimoine extraordinaire. Elle poss\u00e8de des maisons historiques, des artisans d&rsquo;art, des \u00e9coles prestigieuses, des savoir-faire exceptionnels et un march\u00e9 du luxe parmi les plus puissants du monde.<\/p>\n<p style=\"text-align: justify;\">Et pourtant, le v\u00e9ritable d\u00e9fi devrait \u00eatre beaucoup plus simple : Comment transformer cet h\u00e9ritage en tremplin pour les cr\u00e9ateurs qui arrivent aujourd&rsquo;hui ? Alors, qui pilote ? vraiment posez-vous la question ?<\/p>\n<p>FM<\/p>\n<p><img loading=\"lazy\" decoding=\"async\" class=\"alignnone size-full wp-image-12880\" src=\"https:\/\/www.mouclier.com\/wp-content\/uploads\/2026\/09\/jACQUES-MOUCLIER.jpg\" alt=\"\" width=\"1200\" height=\"800\" srcset=\"https:\/\/www.mouclier.com\/wp-content\/uploads\/2026\/09\/jACQUES-MOUCLIER.jpg 1200w, https:\/\/www.mouclier.com\/wp-content\/uploads\/2026\/09\/jACQUES-MOUCLIER-300x200.jpg 300w, https:\/\/www.mouclier.com\/wp-content\/uploads\/2026\/09\/jACQUES-MOUCLIER-1024x683.jpg 1024w, https:\/\/www.mouclier.com\/wp-content\/uploads\/2026\/09\/jACQUES-MOUCLIER-768x512.jpg 768w, https:\/\/www.mouclier.com\/wp-content\/uploads\/2026\/09\/jACQUES-MOUCLIER-730x487.jpg 730w, https:\/\/www.mouclier.com\/wp-content\/uploads\/2026\/09\/jACQUES-MOUCLIER-435x290.jpg 435w\" sizes=\"auto, (max-width: 1200px) 100vw, 1200px\" \/><\/p>\n","protected":false},"excerpt":{"rendered":"<p style=\"text-align: justify;\">Quand les institutions de la mode prennent de l\u2019altitude, ils oublient de regarder ceux qui cr\u00e9ent au sol. Il y a quelque chose d&rsquo;assez fascinant dans cette image : un avion priv\u00e9, deux hommes qui discutent, des fauteuils confortables, les nuages derri\u00e8re les hublots&#8230; Une sc\u00e8ne presque parfaite d&rsquo;un autre temps, car autrefois il y avait des visionnaires pour le secteur. Une question s&rsquo;impose imm\u00e9diatement : Y a-t-il encore aujourd&rsquo;hui un pilote dans l&rsquo;avion mode ? <a href=\"https:\/\/www.mouclier.com\/index.php\/2024\/y-a-t-il-un-pilote-dans-lavion-\/\"><strong><em>Pour lire plus cliquer ici<\/em><\/strong><\/a><\/p>\n<p style=\"text-align: justify;\">\n","protected":false},"author":1,"featured_media":12880,"comment_status":"closed","ping_status":"closed","sticky":false,"template":"","format":"standard","meta":{"footnotes":""},"categories":[1],"tags":[],"class_list":["post-12879","post","type-post","status-publish","format-standard","has-post-thumbnail","hentry","category-non-classe","clearfix"],"_links":{"self":[{"href":"https:\/\/www.mouclier.com\/index.php\/wp-json\/wp\/v2\/posts\/12879","targetHints":{"allow":["GET"]}}],"collection":[{"href":"https:\/\/www.mouclier.com\/index.php\/wp-json\/wp\/v2\/posts"}],"about":[{"href":"https:\/\/www.mouclier.com\/index.php\/wp-json\/wp\/v2\/types\/post"}],"author":[{"embeddable":true,"href":"https:\/\/www.mouclier.com\/index.php\/wp-json\/wp\/v2\/users\/1"}],"replies":[{"embeddable":true,"href":"https:\/\/www.mouclier.com\/index.php\/wp-json\/wp\/v2\/comments?post=12879"}],"version-history":[{"count":8,"href":"https:\/\/www.mouclier.com\/index.php\/wp-json\/wp\/v2\/posts\/12879\/revisions"}],"predecessor-version":[{"id":12896,"href":"https:\/\/www.mouclier.com\/index.php\/wp-json\/wp\/v2\/posts\/12879\/revisions\/12896"}],"wp:featuredmedia":[{"embeddable":true,"href":"https:\/\/www.mouclier.com\/index.php\/wp-json\/wp\/v2\/media\/12880"}],"wp:attachment":[{"href":"https:\/\/www.mouclier.com\/index.php\/wp-json\/wp\/v2\/media?parent=12879"}],"wp:term":[{"taxonomy":"category","embeddable":true,"href":"https:\/\/www.mouclier.com\/index.php\/wp-json\/wp\/v2\/categories?post=12879"},{"taxonomy":"post_tag","embeddable":true,"href":"https:\/\/www.mouclier.com\/index.php\/wp-json\/wp\/v2\/tags?post=12879"}],"curies":[{"name":"wp","href":"https:\/\/api.w.org\/{rel}","templated":true}]}}