{"id":12831,"date":"2026-08-31T06:00:18","date_gmt":"2026-08-31T04:00:18","guid":{"rendered":"https:\/\/www.mouclier.com\/?p=12831"},"modified":"2026-08-30T20:48:51","modified_gmt":"2026-08-30T18:48:51","slug":"laudience-dun-batisseur-du-luxe","status":"publish","type":"post","link":"https:\/\/www.mouclier.com\/index.php\/2026\/08\/31\/laudience-dun-batisseur-du-luxe\/","title":{"rendered":"L&rsquo;AUDIENCE D&rsquo;UN BATISSEUR DU LUXE"},"content":{"rendered":"<p style=\"text-align: justify;\">L\u2019\u00e9cho de ses pas sur le marbre des galeries vaticanes semblait mesurer l\u2019\u00e9paisseur des si\u00e8cles. Sous les plafonds vertigineux o\u00f9 les fresques de la Renaissance suspendaient le vol des anges, l\u2019air vibrait d\u2019un silence d&rsquo;une densit\u00e9 presque physique. Il marchait entre les gardes suisses aux armures immobiles, figures de cire sorties d&rsquo;un autre temps, vers un rendez-vous qui tenait autant du songe que de l\u2019histoire.<\/p>\n<p style=\"text-align: justify;\">Les portes de la salle d&rsquo;audience se sont ouvertes sans un bruit. Au fond de cette immensit\u00e9 feutr\u00e9e, une silhouette blanche se d\u00e9tachait contre la pourpre des tentures. Tout l&rsquo;appareil du pouvoir cl\u00e9rical, la majest\u00e9 des colonnades et le poids institutionnel ont soudain sembl\u00e9 s&rsquo;effacer devant cette pr\u00e9sence. \u00a0 En s&rsquo;approchant, ce ne fut pas la pompe du Vatican qui le frappa, mais une simplicit\u00e9 d\u00e9sarmante.<\/p>\n<p style=\"text-align: justify;\">L\u2019homme qui portait la charge de l&rsquo;\u00c9glise s\u2019est avanc\u00e9, un sourire discret re-dessinant les rides de son visage fatigu\u00e9. Lorsque sa main s&rsquo;est pos\u00e9e sur la sienne, la chaleur de son regard a balay\u00e9 le protocole. Dans cet instant suspendu, la grandeur ne r\u00e9sidait plus dans les titres ou les rituels, mais dans une authentique et profonde fraternit\u00e9 humaine, une \u00e9coute absolue o\u00f9 le temps n&rsquo;avait plus de prise. \u00a0 Le souverain pontife venait tout juste de clore une entrevue m\u00e9morable avec le digne m\u00e9c\u00e8ne providentiel de la plus c\u00e9l\u00e8bre des cath\u00e9drales au monde \u00ab\u00a0Notre Dame de Paris\u00a0\u00bb.<\/p>\n<p style=\"text-align: justify;\">L&rsquo;atmosph\u00e8re de la pi\u00e8ce restait impr\u00e9gn\u00e9e de cet \u00e9change, o\u00f9 la pierre ressuscit\u00e9e de la fl\u00e8che parisienne semblait avoir dialogu\u00e9 avec le souverain le temps d&rsquo;un instant. Port\u00e9 par l&rsquo;\u00e9motion de cette rencontre d\u00e9di\u00e9e \u00e0 la renaissance du chef-d&rsquo;\u0153uvre gothique, le pape s&rsquo;est alors tourn\u00e9 vers lui, le regard encore brillant d&rsquo;une gratitude universelle, et semblant lui dire que le paradis lui est d\u00e9j\u00e0 acquis pour lui et sa famille. En tout cas, moi j&rsquo;ai fait un don de 1 000 \u20ac pour la cath\u00e9drale. Mais, je n&rsquo;ai pas \u00e9t\u00e9 invit\u00e9. La bulle \u00e9tait probablement crev\u00e9e !<\/p>\n<p style=\"text-align: justify;\">FM\u2660<\/p>\n","protected":false},"excerpt":{"rendered":"<p style=\"text-align: justify;\">L\u2019\u00e9cho de ses pas sur le marbre des galeries vaticanes semblait mesurer l\u2019\u00e9paisseur des si\u00e8cles. Sous les plafonds vertigineux o\u00f9 les fresques de la Renaissance suspendaient le vol des anges, l\u2019air vibrait d\u2019un silence d&rsquo;une densit\u00e9 presque physique. Il marchait entre les gardes suisses aux armures immobiles, figures de cire sorties d&rsquo;un autre temps, vers un rendez-vous qui tenait autant du songe que de l\u2019histoire. <a href=\"https:\/\/www.mouclier.com\/index.php\/2024\/laudience-dun-batisseur-du-luxe\/\"><strong><em>Pour lire plus cliquer ici<\/em><\/strong><\/a><\/p>\n<p style=\"text-align: justify;\">\n","protected":false},"author":1,"featured_media":12833,"comment_status":"closed","ping_status":"closed","sticky":false,"template":"","format":"standard","meta":{"footnotes":""},"categories":[1],"tags":[],"class_list":["post-12831","post","type-post","status-publish","format-standard","has-post-thumbnail","hentry","category-non-classe","clearfix"],"_links":{"self":[{"href":"https:\/\/www.mouclier.com\/index.php\/wp-json\/wp\/v2\/posts\/12831","targetHints":{"allow":["GET"]}}],"collection":[{"href":"https:\/\/www.mouclier.com\/index.php\/wp-json\/wp\/v2\/posts"}],"about":[{"href":"https:\/\/www.mouclier.com\/index.php\/wp-json\/wp\/v2\/types\/post"}],"author":[{"embeddable":true,"href":"https:\/\/www.mouclier.com\/index.php\/wp-json\/wp\/v2\/users\/1"}],"replies":[{"embeddable":true,"href":"https:\/\/www.mouclier.com\/index.php\/wp-json\/wp\/v2\/comments?post=12831"}],"version-history":[{"count":9,"href":"https:\/\/www.mouclier.com\/index.php\/wp-json\/wp\/v2\/posts\/12831\/revisions"}],"predecessor-version":[{"id":12854,"href":"https:\/\/www.mouclier.com\/index.php\/wp-json\/wp\/v2\/posts\/12831\/revisions\/12854"}],"wp:featuredmedia":[{"embeddable":true,"href":"https:\/\/www.mouclier.com\/index.php\/wp-json\/wp\/v2\/media\/12833"}],"wp:attachment":[{"href":"https:\/\/www.mouclier.com\/index.php\/wp-json\/wp\/v2\/media?parent=12831"}],"wp:term":[{"taxonomy":"category","embeddable":true,"href":"https:\/\/www.mouclier.com\/index.php\/wp-json\/wp\/v2\/categories?post=12831"},{"taxonomy":"post_tag","embeddable":true,"href":"https:\/\/www.mouclier.com\/index.php\/wp-json\/wp\/v2\/tags?post=12831"}],"curies":[{"name":"wp","href":"https:\/\/api.w.org\/{rel}","templated":true}]}}