{"id":11395,"date":"2026-03-19T06:00:21","date_gmt":"2026-03-19T05:00:21","guid":{"rendered":"https:\/\/www.mouclier.com\/?p=11395"},"modified":"2026-03-18T21:29:39","modified_gmt":"2026-03-18T20:29:39","slug":"le-gout-etrange-de-la-lucidite","status":"publish","type":"post","link":"https:\/\/www.mouclier.com\/index.php\/2026\/03\/19\/le-gout-etrange-de-la-lucidite\/","title":{"rendered":"LE GO\u00dbT \u00c9TRANGE DE LA LUCIDIT\u00c9"},"content":{"rendered":"<p style=\"text-align: justify;\">Il y a quarante ans, un voyage \u00e0 New York suffisait \u00e0 imprimer une marque durable, et j\u2019en suis revenu avec un go\u00fbt \u00e9trange dans la bouche. Pas un rejet, non. Plut\u00f4t une saveur persistante, difficile \u00e0 nommer, comme si quelque chose s\u2019\u00e9tait d\u00e9plac\u00e9 en moi sans encore trouver sa forme. \u00c0 l\u2019\u00e9poque, j\u2019\u00e9tais fascin\u00e9 par les \u00c9tats-Unis, leur puissance, leur promesse, leur mani\u00e8re de produire du r\u00e9el autant que du r\u00e9cit.<\/p>\n<blockquote>\n<p class=\"isSelectedEnd\" style=\"text-align: justify;\">Ce go\u00fbt ne m\u2019a jamais quitt\u00e9.<\/p>\n<\/blockquote>\n<p class=\"isSelectedEnd\" style=\"text-align: justify;\">Aujourd\u2019hui, je trouve peut-\u00eatre enfin son explication, car observer le monde basculer, depuis la France maintenant, produit un d\u00e9calage singulier. Comme si l\u2019on regardait un fleuve en crue tout en \u00e9tant soi-m\u00eame emport\u00e9 par son courant. Le flux s\u2019emballe, les r\u00e9cits se multiplient \u00e0 une vitesse vertigineuse. Chacun parle, chacun commente, chacun tente d\u2019exister dans le bruit, mais derri\u00e8re cette agitation, peu de choses s\u2019ancrent r\u00e9ellement. La nouvelle architecture du monde semble encore instable, presque liquide.<\/p>\n<p class=\"isSelectedEnd\" style=\"text-align: justify;\">Revenir dans la grosse Pomme pour la Fashion Week, et se trouver au c\u0153ur de ce que l\u2019on a longtemps appel\u00e9 l\u2019Empire impose une discipline particuli\u00e8re. Une forme de retenue mentale. Il faut apprendre \u00e0 penser sans c\u00e9der \u00e0 la fr\u00e9n\u00e9sie ambiante, \u00e0 r\u00e9sister \u00e0 cette tentation permanente de r\u00e9agir \u00e0 tout, imm\u00e9diatement, faire sien du pr\u00e9sent sans s\u2019y perdre.<\/p>\n<p class=\"isSelectedEnd\" style=\"text-align: justify;\">New York, \u00e0 cet \u00e9gard, n\u2019a rien perdu de sa nature profonde. C\u2019est un laboratoire \u00e0 ciel ouvert, d\u2019une rudesse implacable. Une ville qui ne laisse rien intact, elle engloutit les certitudes, acc\u00e9l\u00e8re les trajectoires, expose les fragilit\u00e9s. Les id\u00e9es y naissent vite, circulent plus vite encore, et se transforment au contact d\u2019une r\u00e9alit\u00e9 qui ne pardonne pas. Ici, tout est mis \u00e0 l\u2019\u00e9preuve les ambitions, les r\u00e9cits, les identit\u00e9s.<\/p>\n<p class=\"isSelectedEnd\" style=\"text-align: justify;\">Mais, c\u2019est pr\u00e9cis\u00e9ment dans cette intensit\u00e9 que r\u00e9side un pi\u00e8ge, car travailler depuis cet endroit aujourd\u2019hui ne consiste plus \u00e0 suivre le rythme. L\u2019enjeu est ailleurs, et il consiste \u00e0 faire na\u00eetre de la lenteur au c\u0153ur du mouvement, \u00e0 introduire du silence dans le vacarme, \u00e0 laisser les choses se d\u00e9poser avant de leur donner forme.<\/p>\n<p class=\"isSelectedEnd\" style=\"text-align: justify;\">Ne pas se presser devient alors un acte presque subversif, dans un monde qui valorise la r\u00e9action imm\u00e9diate avec les r\u00e9seaux sociaux, prendre le temps de penser est une r\u00e9sistance, dans une \u00e9conomie de l\u2019attention satur\u00e9e, choisir la distance est une forme de lucidit\u00e9. Et dans cette ville, qui ne dort jamais, apprendre \u00e0 suspendre le mouvement devient peut-\u00eatre la seule mani\u00e8re de voir vraiment.<\/p>\n<p class=\"isSelectedEnd\" style=\"text-align: justify;\">Quarante ans plus tard, le go\u00fbt \u00e9trange est toujours l\u00e0, mais il a chang\u00e9 de nature,\u00a0 il n\u2019est plus celui de la fascination, il est celui d\u2019une vigilance, comme un rappel discret que comprendre le monde ne consiste pas \u00e0 courir avec lui, mais \u00e0 savoir, parfois, s\u2019en extraire.<\/p>\n<p style=\"text-align: justify;\">FM<span style=\"color: #ff0000;\">\u2665<\/span><\/p>\n","protected":false},"excerpt":{"rendered":"<p style=\"text-align: justify;\">Il y a quarante ans, un voyage \u00e0 New York suffisait \u00e0 imprimer une marque durable, et j\u2019en suis revenu avec un go\u00fbt \u00e9trange dans la bouche. Pas un rejet, non. Plut\u00f4t une saveur persistante, difficile \u00e0 nommer, comme si quelque chose s\u2019\u00e9tait d\u00e9plac\u00e9 en moi sans encore trouver sa forme. \u00c0 l\u2019\u00e9poque, j\u2019\u00e9tais fascin\u00e9 par les \u00c9tats-Unis, leur puissance, leur promesse, leur mani\u00e8re de produire du r\u00e9el autant que du r\u00e9cit. <a href=\"https:\/\/www.mouclier.com\/index.php\/2024\/le-gout-etrange-de-la-lucidite\/\"><strong><em>Pour lire plus cliquer ici<\/em><\/strong><\/a><\/p>\n<p style=\"text-align: justify;\">\n","protected":false},"author":1,"featured_media":11404,"comment_status":"closed","ping_status":"closed","sticky":false,"template":"","format":"standard","meta":[],"categories":[1],"tags":[],"_links":{"self":[{"href":"https:\/\/www.mouclier.com\/index.php\/wp-json\/wp\/v2\/posts\/11395"}],"collection":[{"href":"https:\/\/www.mouclier.com\/index.php\/wp-json\/wp\/v2\/posts"}],"about":[{"href":"https:\/\/www.mouclier.com\/index.php\/wp-json\/wp\/v2\/types\/post"}],"author":[{"embeddable":true,"href":"https:\/\/www.mouclier.com\/index.php\/wp-json\/wp\/v2\/users\/1"}],"replies":[{"embeddable":true,"href":"https:\/\/www.mouclier.com\/index.php\/wp-json\/wp\/v2\/comments?post=11395"}],"version-history":[{"count":8,"href":"https:\/\/www.mouclier.com\/index.php\/wp-json\/wp\/v2\/posts\/11395\/revisions"}],"predecessor-version":[{"id":11433,"href":"https:\/\/www.mouclier.com\/index.php\/wp-json\/wp\/v2\/posts\/11395\/revisions\/11433"}],"wp:featuredmedia":[{"embeddable":true,"href":"https:\/\/www.mouclier.com\/index.php\/wp-json\/wp\/v2\/media\/11404"}],"wp:attachment":[{"href":"https:\/\/www.mouclier.com\/index.php\/wp-json\/wp\/v2\/media?parent=11395"}],"wp:term":[{"taxonomy":"category","embeddable":true,"href":"https:\/\/www.mouclier.com\/index.php\/wp-json\/wp\/v2\/categories?post=11395"},{"taxonomy":"post_tag","embeddable":true,"href":"https:\/\/www.mouclier.com\/index.php\/wp-json\/wp\/v2\/tags?post=11395"}],"curies":[{"name":"wp","href":"https:\/\/api.w.org\/{rel}","templated":true}]}}