{"id":11335,"date":"2026-03-12T06:00:27","date_gmt":"2026-03-12T05:00:27","guid":{"rendered":"https:\/\/www.mouclier.com\/?p=11335"},"modified":"2026-03-11T20:23:45","modified_gmt":"2026-03-11T19:23:45","slug":"litkovska-la-lumieres-dans-lombre","status":"publish","type":"post","link":"https:\/\/www.mouclier.com\/index.php\/2026\/03\/12\/litkovska-la-lumieres-dans-lombre\/","title":{"rendered":"LITKOVSKA LA LUMI\u00c8RE DANS L\u2019OMBRE"},"content":{"rendered":"<p style=\"text-align: justify;\">Cette saison, la maison LITKOVSKA para\u00eet pour la premi\u00e8re fois au calendrier officiel de la Fashion Week de Paris avec sa collection Automne-Hiver 2026\/27, FIREFLY. Elle na\u00eet d\u2019une image fragile, presque nocturne : celle d\u2019une lumi\u00e8re obstin\u00e9e qui refuse de dispara\u00eetre.<\/p>\n<p style=\"text-align: justify;\">\u00c0 Kiev, il est des nuits o\u00f9 la ville s\u2019\u00e9teint, le courant cesse, le chauffage se tait, l\u2019eau elle-m\u00eame semble se retirer dans le silence de l\u2019hiver. Alors, les habitants marchent, dans les rues obscures, une lampe au front. De loin, on dirait un ciel renvers\u00e9 sur la terre : de petites \u00e9toiles tremblantes qui avancent lentement dans la nuit.<\/p>\n<p style=\"text-align: justify;\">C\u2019est cette vision qui a guid\u00e9 la collection. Elle fut con\u00e7ue dans la rigueur de l\u2019hiver, parfois dans des ateliers plong\u00e9s dans l\u2019ombre, o\u00f9 l\u2019on voyait le souffle des enfants se m\u00ealer \u00e0 l\u2019air glac\u00e9. Pourtant, au milieu de ce froid, persistait une chaleur secr\u00e8te, celle qui habite les hommes lorsque tout semble manquer.<\/p>\n<p style=\"text-align: justify;\">FIREFLY parle ainsi de cette clart\u00e9 int\u00e9rieure qui survit aux temps incertains. Les silhouettes prolongent le langage propre \u00e0 la cr\u00e9atrice : une architecture de tissus, faite d\u2019asym\u00e9tries et de formes inachev\u00e9es, comme si le v\u00eatement portait lui aussi la trace des jours troubl\u00e9s. \u00c0 travers ces lignes mouvantes, qui affleure la m\u00e9moire du baroque ukrainien, ses proportions vastes, ses \u00e9lans presque th\u00e9\u00e2traux.<\/p>\n<p style=\"text-align: justify;\">Au c\u0153ur de la saison, appara\u00eet le sac \u00ab\u00a0Besagy\u00a0\u00bb, inspir\u00e9 du \u00ab\u00a0besahy\u00a0\u00bb des voyageurs ukrainiens, ce double sac \u00e9tait autrefois pos\u00e9 sur l\u2019\u00e9paule des marcheurs et des marchands. R\u00e9invent\u00e9 pour le nomade contemporain, il garde quelque chose de la gravit\u00e9 des d\u00e9parts et de la m\u00e9moire des routes. Et dans cette collection, une lampe torche revient souvent. Elle \u00e9claire peu de choses, mais dans la nuit cela suffit parfois pour continuer d\u2019avancer. \u00ab\u00a0\u0412\u0456\u043b\u044c\u043d\u0430 \u0423\u043a\u0440\u0430\u0457\u043d\u0430\u00a0\u00bb<\/p>\n<p>FM<\/p>\n<p><img decoding=\"async\" loading=\"lazy\" class=\"alignnone size-large wp-image-11340\" src=\"https:\/\/www.mouclier.com\/wp-content\/uploads\/2026\/03\/canal3photos-1024x443.jpg\" alt=\"\" width=\"1024\" height=\"443\" srcset=\"https:\/\/www.mouclier.com\/wp-content\/uploads\/2026\/03\/canal3photos-1024x443.jpg 1024w, https:\/\/www.mouclier.com\/wp-content\/uploads\/2026\/03\/canal3photos-300x130.jpg 300w, https:\/\/www.mouclier.com\/wp-content\/uploads\/2026\/03\/canal3photos-768x332.jpg 768w, https:\/\/www.mouclier.com\/wp-content\/uploads\/2026\/03\/canal3photos-730x316.jpg 730w, https:\/\/www.mouclier.com\/wp-content\/uploads\/2026\/03\/canal3photos-435x188.jpg 435w, https:\/\/www.mouclier.com\/wp-content\/uploads\/2026\/03\/canal3photos.jpg 1280w\" sizes=\"(max-width: 1024px) 100vw, 1024px\" \/><\/p>\n","protected":false},"excerpt":{"rendered":"<p style=\"text-align: justify;\">Cette saison, la maison LITKOVSKA para\u00eet pour la premi\u00e8re fois au calendrier officiel de la Fashion Week de Paris avec sa collection Automne-Hiver 2026\/27, FIREFLY. Elle na\u00eet d\u2019une image fragile, presque nocturne : celle d\u2019une lumi\u00e8re obstin\u00e9e qui refuse de dispara\u00eetre.<\/p>\n<p style=\"text-align: justify;\">\n<p style=\"text-align: justify;\">\u00c0 Kiev, il est des nuits o\u00f9 la ville s\u2019\u00e9teint, le courant cesse, le chauffage se tait, l\u2019eau elle-m\u00eame semble se retirer dans le silence de l\u2019hiver. Alors, les habitants marchent, dans les rues obscures, une lampe au front. De loin, on dirait un ciel renvers\u00e9 sur la terre : de petites \u00e9toiles tremblantes qui avancent lentement dans la nuit.<a href=\"https:\/\/www.mouclier.com\/index.php\/2024\/litkovska-la-lumieres-dans-lombre\/\"><strong><em>Pour lire plus cliquer ici<\/em><\/strong><\/a><\/p>\n<p style=\"text-align: justify;\">\n","protected":false},"author":1,"featured_media":11336,"comment_status":"closed","ping_status":"closed","sticky":false,"template":"","format":"standard","meta":[],"categories":[1],"tags":[],"_links":{"self":[{"href":"https:\/\/www.mouclier.com\/index.php\/wp-json\/wp\/v2\/posts\/11335"}],"collection":[{"href":"https:\/\/www.mouclier.com\/index.php\/wp-json\/wp\/v2\/posts"}],"about":[{"href":"https:\/\/www.mouclier.com\/index.php\/wp-json\/wp\/v2\/types\/post"}],"author":[{"embeddable":true,"href":"https:\/\/www.mouclier.com\/index.php\/wp-json\/wp\/v2\/users\/1"}],"replies":[{"embeddable":true,"href":"https:\/\/www.mouclier.com\/index.php\/wp-json\/wp\/v2\/comments?post=11335"}],"version-history":[{"count":13,"href":"https:\/\/www.mouclier.com\/index.php\/wp-json\/wp\/v2\/posts\/11335\/revisions"}],"predecessor-version":[{"id":11350,"href":"https:\/\/www.mouclier.com\/index.php\/wp-json\/wp\/v2\/posts\/11335\/revisions\/11350"}],"wp:featuredmedia":[{"embeddable":true,"href":"https:\/\/www.mouclier.com\/index.php\/wp-json\/wp\/v2\/media\/11336"}],"wp:attachment":[{"href":"https:\/\/www.mouclier.com\/index.php\/wp-json\/wp\/v2\/media?parent=11335"}],"wp:term":[{"taxonomy":"category","embeddable":true,"href":"https:\/\/www.mouclier.com\/index.php\/wp-json\/wp\/v2\/categories?post=11335"},{"taxonomy":"post_tag","embeddable":true,"href":"https:\/\/www.mouclier.com\/index.php\/wp-json\/wp\/v2\/tags?post=11335"}],"curies":[{"name":"wp","href":"https:\/\/api.w.org\/{rel}","templated":true}]}}