{"id":10934,"date":"2026-03-18T05:00:09","date_gmt":"2026-03-18T04:00:09","guid":{"rendered":"https:\/\/www.mouclier.com\/?p=10934"},"modified":"2026-03-18T05:58:07","modified_gmt":"2026-03-18T04:58:07","slug":"nos-progenitures-moins-intelligentes-que-nous","status":"publish","type":"post","link":"https:\/\/www.mouclier.com\/index.php\/2026\/03\/18\/nos-progenitures-moins-intelligentes-que-nous\/","title":{"rendered":"NOS PROG\u00c9NITURES MOINS INTELLIGENTES QUE NOUS"},"content":{"rendered":"<p style=\"text-align: justify;\">Pendant des si\u00e8cles, l\u2019humanit\u00e9 s\u2019est racont\u00e9 une histoire rassurante : chaque g\u00e9n\u00e9ration serait plus intelligente que la pr\u00e9c\u00e9dente. Une marche ascendante, une escalade du cerveau vers des sommets toujours plus vertigineux depuis l&rsquo;homme de N\u00e9andertal. L\u2019enfant d\u00e9passerait le parent, l\u2019\u00e9l\u00e8ve surpasserait le ma\u00eetre, et le futur serait un long fleuve d\u2019intelligence cumulative.<\/p>\n<p style=\"text-align: justify;\" data-start=\"533\" data-end=\"596\">Or, d&rsquo;apr\u00e8s une enqu\u00eate Am\u00e9ricaine, aujourd\u2019hui un ralentissement, voire un recul de certaines formes d\u2019intelligence chez les nouvelles g\u00e9n\u00e9rations sont visibles. Non pas parce que les enfants seraient moins capables, mais parce que le monde change.\u00a0 Mais que signifie \u00ab \u00eatre intelligent \u00bb ? L\u00e0 o\u00f9 les parents m\u00e9morisaient, calculaient, raisonnaient longuement, les enfants d\u2019aujourd\u2019hui d\u00e9l\u00e8guent ces t\u00e2ches aux machines. Le smartphone devient m\u00e9moire externe, la recherche en ligne remplace l\u2019encyclop\u00e9die int\u00e9rieure, l\u2019algorithme sugg\u00e8re au lieu de laisser errer l\u2019esprit.<\/p>\n<p style=\"text-align: justify;\" data-start=\"1177\" data-end=\"1567\">L\u2019intelligence se d\u00e9place. Elle ne dispara\u00eet pas, elle se reconfigure. On pourrait dire qu\u2019elle migre du cerveau individuel vers un cerveau collectif, fait de r\u00e9seaux, de donn\u00e9es, d\u2019IA. L\u2019enfant est intelligent autrement, comme un navigateur dans un oc\u00e9an d\u2019informations, l\u00e0 o\u00f9 ses parents \u00e9taient des b\u00e2tisseurs de biblioth\u00e8ques int\u00e9rieures.<\/p>\n<p style=\"text-align: justify;\" data-start=\"1569\" data-end=\"1847\">Mais ce d\u00e9placement a un prix. Moins d\u2019attention profonde, moins de patience cognitive, moins de solitude fertile o\u00f9 naissent les id\u00e9es. Le risque n\u2019est pas une g\u00e9n\u00e9ration plus b\u00eate, mais une g\u00e9n\u00e9ration moins int\u00e9rieure, plus fragment\u00e9e, plus d\u00e9pendante de b\u00e9quilles num\u00e9riques. Ainsi, la question n\u2019est pas de savoir si nos enfants seront moins intelligents que nous. La vraie question est : quelle intelligence voulons-nous transmettre ? Celle qui sait tout, ou celle qui sait penser ? Celle qui consulte, ou celle qui comprend ?<\/p>\n<p style=\"text-align: justify;\" data-start=\"2103\" data-end=\"2263\">Peut-\u00eatre que la v\u00e9ritable intelligence du futur ne sera pas de tout savoir, mais de savoir r\u00e9sister au bruit, cultiver le silence, et penser encore sans \u00e9cran. Et si, finalement, la g\u00e9n\u00e9ration la plus intelligente \u00e9tait celle qui saura \u00e9teindre la machine pour rallumer l\u2019esprit ?<\/p>\n<p data-start=\"2103\" data-end=\"2263\">FM<\/p>\n","protected":false},"excerpt":{"rendered":"<p style=\"text-align: justify;\"> Pendant des si\u00e8cles, l\u2019humanit\u00e9 s\u2019est racont\u00e9 une histoire rassurante : chaque g\u00e9n\u00e9ration serait plus intelligente que la pr\u00e9c\u00e9dente. Une marche ascendante, une escalade du cerveau vers des sommets toujours plus vertigineux depuis l&rsquo;homme de N\u00e9andertal. L\u2019enfant d\u00e9passerait le parent, l\u2019\u00e9l\u00e8ve surpasserait le ma\u00eetre, et le futur serait un long fleuve d\u2019intelligence cumulative. <a href=\"https:\/\/www.mouclier.com\/index.php\/2024\/nos-progenitures-moins-intelligentes-que-nous\/\"><strong><em>Pour lire plus cliquer ici<\/em><\/strong><\/a><\/p>\n<p style=\"text-align: justify;\">\n","protected":false},"author":1,"featured_media":11402,"comment_status":"closed","ping_status":"closed","sticky":false,"template":"","format":"standard","meta":[],"categories":[1],"tags":[],"_links":{"self":[{"href":"https:\/\/www.mouclier.com\/index.php\/wp-json\/wp\/v2\/posts\/10934"}],"collection":[{"href":"https:\/\/www.mouclier.com\/index.php\/wp-json\/wp\/v2\/posts"}],"about":[{"href":"https:\/\/www.mouclier.com\/index.php\/wp-json\/wp\/v2\/types\/post"}],"author":[{"embeddable":true,"href":"https:\/\/www.mouclier.com\/index.php\/wp-json\/wp\/v2\/users\/1"}],"replies":[{"embeddable":true,"href":"https:\/\/www.mouclier.com\/index.php\/wp-json\/wp\/v2\/comments?post=10934"}],"version-history":[{"count":12,"href":"https:\/\/www.mouclier.com\/index.php\/wp-json\/wp\/v2\/posts\/10934\/revisions"}],"predecessor-version":[{"id":11432,"href":"https:\/\/www.mouclier.com\/index.php\/wp-json\/wp\/v2\/posts\/10934\/revisions\/11432"}],"wp:featuredmedia":[{"embeddable":true,"href":"https:\/\/www.mouclier.com\/index.php\/wp-json\/wp\/v2\/media\/11402"}],"wp:attachment":[{"href":"https:\/\/www.mouclier.com\/index.php\/wp-json\/wp\/v2\/media?parent=10934"}],"wp:term":[{"taxonomy":"category","embeddable":true,"href":"https:\/\/www.mouclier.com\/index.php\/wp-json\/wp\/v2\/categories?post=10934"},{"taxonomy":"post_tag","embeddable":true,"href":"https:\/\/www.mouclier.com\/index.php\/wp-json\/wp\/v2\/tags?post=10934"}],"curies":[{"name":"wp","href":"https:\/\/api.w.org\/{rel}","templated":true}]}}