{"id":10557,"date":"2026-01-28T06:00:38","date_gmt":"2026-01-28T05:00:38","guid":{"rendered":"https:\/\/www.mouclier.com\/?p=10557"},"modified":"2026-01-27T17:57:29","modified_gmt":"2026-01-27T16:57:29","slug":"chanel-latelier-des-ombres-et-des-lumieres","status":"publish","type":"post","link":"https:\/\/www.mouclier.com\/index.php\/2026\/01\/28\/chanel-latelier-des-ombres-et-des-lumieres\/","title":{"rendered":"CHANEL L&rsquo;ATELIER DES OMBRES ET DES LUMI\u00c8RES"},"content":{"rendered":"<p style=\"text-align: justify;\">\u00d4 toi qui cherches Chanel comme on interroge un miroir bris\u00e9 par le temps, \u00e9coute : elle n\u2019est ni dans l\u2019\u00e9clat des salons ni dans le faste des tr\u00f4nes \u00e9ph\u00e9m\u00e8res. Elle est l\u00e0 o\u00f9 le silence se tisse en soie, o\u00f9 les murs du 19M, lourds de cent ans de gestes suspendus, chuchotent aux oreilles de ceux qui savent entendre. Matthieu Blazy, lui, a franchi ce seuil comme on p\u00e9n\u00e8tre dans une cath\u00e9drale de m\u00e9moire. Non pas en conqu\u00e9rant, mais en p\u00e8lerin. Car la haute couture n\u2019est point un sceptre qu\u2019on brandit ; c\u2019est une chambre secr\u00e8te, un sanctuaire o\u00f9 l\u2019on apprend \u00e0 \u00e9couter battre le c\u0153ur invisible des choses.<\/p>\n<p style=\"text-align: justify;\">Il y a des lieux o\u00f9 l\u2019artisanat devient pri\u00e8re, o\u00f9 les doigts des brodeuses, guid\u00e9s par une patience plus ancienne que les modes, tracent des destins en fils d\u2019or et Blazy, face au grand Jacques l\u2019homme qui \u00e0 sauv\u00e9 en son temps les M\u00e9tier d&rsquo;Art, a compris que cr\u00e9er, c\u2019\u00e9tait d\u2019abord se taire. Sa premi\u00e8re silhouette, tailleur diaphane en mousseline nude, n\u2019\u00e9tait pas une citation, mais une \u00e9vocation un fant\u00f4me de Chanel, plus vrai que l\u2019ic\u00f4ne elle-m\u00eame, parce que n\u00e9 d\u2019un dialogue et non d\u2019une imitation. Gabrielle, qu\u2019il tutoyait en pens\u00e9e, ne lui avait-elle pas murmur\u00e9 que la couture n\u2019\u00e9tait pas l\u2019exception d\u2019un soir, mais la po\u00e9sie du quotidien ? Un manteau pour affronter l\u2019aube, une robe pour danser sous la pluie, un geste pour aimer sans se trahir.<\/p>\n<p style=\"text-align: justify;\">Chez Margiela, il avait appris que la couture est un langage secret, une \u00e9criture dont les mots sont des coutures et les phrases, des plis. Chez Bottega, il avait donn\u00e9 aux accessoires l\u2019\u00e2me des reliques, ces objets que le temps charge de souvenirs tactiles. Mais ici, chez Chanel, tout s\u2019ouvre, tout se d\u00e9ploie comme un paysage apr\u00e8s l\u2019orage. Tout devient possible, vertigineux. Et dans ce vertige, une seule question subsiste, obs\u00e9dante : Qu\u2019est-ce qui a du sens ?<\/p>\n<p style=\"text-align: justify;\">Blazy ne regarde pas les v\u00eatements. Il observe les oiseaux ; leurs ailes, leurs vols bris\u00e9s, leurs silences entre deux chants. Pendant des mois, les artisans ces alchimistes modestes ont pr\u00e9par\u00e9 la mati\u00e8re comme on pr\u00e9pare une offrande. Une transparence brod\u00e9e de noir et de blanc, des surfaces tiss\u00e9es \u00e0 m\u00eame le r\u00eave, chaque texture une hypoth\u00e8se, chaque surface une respiration. Il avance sans plan, sans certitude, car savoir trop t\u00f4t, c\u2019est d\u00e9j\u00e0 mourir un peu. La couture doit rester vivante, comme un souffle qui passe de main en main, d\u2019atelier en atelier, de silhouette en silhouette.<\/p>\n<p style=\"text-align: justify;\">Ce qu\u2019il c\u00e9l\u00e8bre, au fond, ce n\u2019est pas la collection achev\u00e9e, mais l\u2019\u00e9tat de gr\u00e2ce qui pr\u00e9c\u00e8de l\u2019\u0153uvre : cet instant o\u00f9 l\u2019id\u00e9e, encore tremblante, se love contre la mati\u00e8re, o\u00f9 le geste h\u00e9site avant de se faire juste. La haute couture n\u2019est pas un h\u00e9ritage \u00e0 enfermer sous verre, c\u2019est un feu qu\u2019on transmet, une flamme qui danse entre les doigts des vivants et des morts.<\/p>\n<p style=\"text-align: justify;\">Ainsi, va le vrai luxe : non pas dans l\u2019\u00e9clat qui aveugle, mais dans la lumi\u00e8re qui r\u00e9v\u00e8le. Non pas dans ce qui se voit, mais dans ce qui, \u00e0 peine effleur\u00e9, fait battre plus fort le c\u0153ur de ceux qui osent encore croire en la beaut\u00e9.<\/p>\n<p style=\"text-align: justify;\">\u00ab Dis-moi o\u00f9 est Chanel, je te dirai qui tu es. \u00bb Mais Chanel, voyez-vous, n\u2019est nulle part et partout, elle est dans le fr\u00e9missement d\u2019une \u00e9toffe, dans le souvenir d\u2019une main qui coud, dans l\u2019\u00e9cho d\u2019un pas sur un parquet us\u00e9 par le temps. Elle est ce qui reste quand tout le reste n\u2019est plus que poussi\u00e8re et vanit\u00e9.<\/p>\n<p>FM<\/p>\n<div id='gallery-1' class='gallery galleryid-10557 gallery-columns-2 gallery-size-large'><figure class='gallery-item'>\n\t\t\t<div class='gallery-icon portrait'>\n\t\t\t\t<a href='https:\/\/www.mouclier.com\/index.php\/2026\/01\/28\/chanel-latelier-des-ombres-et-des-lumieres\/8-21\/'><img width=\"683\" height=\"1024\" src=\"https:\/\/www.mouclier.com\/wp-content\/uploads\/2026\/01\/8-683x1024.jpg\" class=\"attachment-large size-large\" alt=\"\" decoding=\"async\" loading=\"lazy\" srcset=\"https:\/\/www.mouclier.com\/wp-content\/uploads\/2026\/01\/8-683x1024.jpg 683w, https:\/\/www.mouclier.com\/wp-content\/uploads\/2026\/01\/8-200x300.jpg 200w, https:\/\/www.mouclier.com\/wp-content\/uploads\/2026\/01\/8-768x1152.jpg 768w, https:\/\/www.mouclier.com\/wp-content\/uploads\/2026\/01\/8-1024x1536.jpg 1024w, https:\/\/www.mouclier.com\/wp-content\/uploads\/2026\/01\/8-1365x2048.jpg 1365w, https:\/\/www.mouclier.com\/wp-content\/uploads\/2026\/01\/8-730x1095.jpg 730w, https:\/\/www.mouclier.com\/wp-content\/uploads\/2026\/01\/8-435x653.jpg 435w, https:\/\/www.mouclier.com\/wp-content\/uploads\/2026\/01\/8-scaled.jpg 1707w\" sizes=\"(max-width: 683px) 100vw, 683px\" \/><\/a>\n\t\t\t<\/div><\/figure><figure class='gallery-item'>\n\t\t\t<div class='gallery-icon portrait'>\n\t\t\t\t<a href='https:\/\/www.mouclier.com\/index.php\/2026\/01\/28\/chanel-latelier-des-ombres-et-des-lumieres\/9-16\/'><img width=\"683\" height=\"1024\" src=\"https:\/\/www.mouclier.com\/wp-content\/uploads\/2026\/01\/9-683x1024.jpg\" class=\"attachment-large size-large\" alt=\"\" decoding=\"async\" loading=\"lazy\" srcset=\"https:\/\/www.mouclier.com\/wp-content\/uploads\/2026\/01\/9-683x1024.jpg 683w, https:\/\/www.mouclier.com\/wp-content\/uploads\/2026\/01\/9-200x300.jpg 200w, https:\/\/www.mouclier.com\/wp-content\/uploads\/2026\/01\/9-435x653.jpg 435w, https:\/\/www.mouclier.com\/wp-content\/uploads\/2026\/01\/9.jpg 704w\" sizes=\"(max-width: 683px) 100vw, 683px\" \/><\/a>\n\t\t\t<\/div><\/figure><figure class='gallery-item'>\n\t\t\t<div class='gallery-icon portrait'>\n\t\t\t\t<a href='https:\/\/www.mouclier.com\/index.php\/2026\/01\/28\/chanel-latelier-des-ombres-et-des-lumieres\/10-7\/'><img width=\"683\" height=\"1024\" src=\"https:\/\/www.mouclier.com\/wp-content\/uploads\/2026\/01\/10-683x1024.jpg\" class=\"attachment-large size-large\" alt=\"\" decoding=\"async\" loading=\"lazy\" srcset=\"https:\/\/www.mouclier.com\/wp-content\/uploads\/2026\/01\/10-683x1024.jpg 683w, https:\/\/www.mouclier.com\/wp-content\/uploads\/2026\/01\/10-200x300.jpg 200w, https:\/\/www.mouclier.com\/wp-content\/uploads\/2026\/01\/10-435x653.jpg 435w, https:\/\/www.mouclier.com\/wp-content\/uploads\/2026\/01\/10.jpg 704w\" sizes=\"(max-width: 683px) 100vw, 683px\" \/><\/a>\n\t\t\t<\/div><\/figure><figure class='gallery-item'>\n\t\t\t<div class='gallery-icon portrait'>\n\t\t\t\t<a href='https:\/\/www.mouclier.com\/index.php\/2026\/01\/28\/chanel-latelier-des-ombres-et-des-lumieres\/11-6\/'><img width=\"683\" height=\"1024\" src=\"https:\/\/www.mouclier.com\/wp-content\/uploads\/2026\/01\/11-683x1024.jpg\" class=\"attachment-large size-large\" alt=\"\" decoding=\"async\" loading=\"lazy\" srcset=\"https:\/\/www.mouclier.com\/wp-content\/uploads\/2026\/01\/11-683x1024.jpg 683w, https:\/\/www.mouclier.com\/wp-content\/uploads\/2026\/01\/11-200x300.jpg 200w, https:\/\/www.mouclier.com\/wp-content\/uploads\/2026\/01\/11-435x653.jpg 435w, https:\/\/www.mouclier.com\/wp-content\/uploads\/2026\/01\/11.jpg 704w\" sizes=\"(max-width: 683px) 100vw, 683px\" \/><\/a>\n\t\t\t<\/div><\/figure>\n\t\t<\/div>\n\n","protected":false},"excerpt":{"rendered":"<p style=\"text-align: justify;\">\u00d4 toi qui cherches Chanel comme on interroge un miroir bris\u00e9 par le temps, \u00e9coute : elle n\u2019est ni dans l\u2019\u00e9clat des salons ni dans le faste des tr\u00f4nes \u00e9ph\u00e9m\u00e8res. Elle est l\u00e0 o\u00f9 le silence se tisse en soie, o\u00f9 les murs du 19M, lourds de cent ans de gestes suspendus, chuchotent aux oreilles de ceux qui savent entendre. Matthieu Blazy, lui, a franchi ce seuil comme on p\u00e9n\u00e8tre dans une cath\u00e9drale de m\u00e9moire. Non pas en conqu\u00e9rant, mais en p\u00e8lerin. Car la haute couture n\u2019est point un sceptre qu\u2019on brandit ; c\u2019est une chambre secr\u00e8te, un sanctuaire o\u00f9 l\u2019on apprend \u00e0 \u00e9couter battre le c\u0153ur invisible des choses. <a href=\"https:\/\/www.mouclier.com\/index.php\/2024\/chanel-latelier-des-ombres-et-des-lumieres\/\"><strong><em>Pour lire plus cliquer ici<\/em><\/strong><\/a><\/p>\n<p style=\"text-align: justify;\">\n","protected":false},"author":1,"featured_media":10572,"comment_status":"closed","ping_status":"closed","sticky":false,"template":"","format":"standard","meta":[],"categories":[1],"tags":[],"_links":{"self":[{"href":"https:\/\/www.mouclier.com\/index.php\/wp-json\/wp\/v2\/posts\/10557"}],"collection":[{"href":"https:\/\/www.mouclier.com\/index.php\/wp-json\/wp\/v2\/posts"}],"about":[{"href":"https:\/\/www.mouclier.com\/index.php\/wp-json\/wp\/v2\/types\/post"}],"author":[{"embeddable":true,"href":"https:\/\/www.mouclier.com\/index.php\/wp-json\/wp\/v2\/users\/1"}],"replies":[{"embeddable":true,"href":"https:\/\/www.mouclier.com\/index.php\/wp-json\/wp\/v2\/comments?post=10557"}],"version-history":[{"count":11,"href":"https:\/\/www.mouclier.com\/index.php\/wp-json\/wp\/v2\/posts\/10557\/revisions"}],"predecessor-version":[{"id":10575,"href":"https:\/\/www.mouclier.com\/index.php\/wp-json\/wp\/v2\/posts\/10557\/revisions\/10575"}],"wp:featuredmedia":[{"embeddable":true,"href":"https:\/\/www.mouclier.com\/index.php\/wp-json\/wp\/v2\/media\/10572"}],"wp:attachment":[{"href":"https:\/\/www.mouclier.com\/index.php\/wp-json\/wp\/v2\/media?parent=10557"}],"wp:term":[{"taxonomy":"category","embeddable":true,"href":"https:\/\/www.mouclier.com\/index.php\/wp-json\/wp\/v2\/categories?post=10557"},{"taxonomy":"post_tag","embeddable":true,"href":"https:\/\/www.mouclier.com\/index.php\/wp-json\/wp\/v2\/tags?post=10557"}],"curies":[{"name":"wp","href":"https:\/\/api.w.org\/{rel}","templated":true}]}}