{"id":10529,"date":"2026-01-26T17:38:17","date_gmt":"2026-01-26T16:38:17","guid":{"rendered":"https:\/\/www.mouclier.com\/?p=10529"},"modified":"2026-01-26T17:38:17","modified_gmt":"2026-01-26T16:38:17","slug":"dior-ikebana-de-desir","status":"publish","type":"post","link":"https:\/\/www.mouclier.com\/index.php\/2026\/01\/26\/dior-ikebana-de-desir\/","title":{"rendered":"DIOR IKEBANA DE D\u00c9SIR"},"content":{"rendered":"<p style=\"text-align: justify;\">Il \u00e9tait une fois, dans l&rsquo;\u00c9den fa\u00e7onn\u00e9 par l\u2019Orient, un jardin que ni le temps ni la pesanteur du moment ne pouvait freiner. L\u00e0, sous un ciel d\u2019influences de l\u2019empire du milieu, Jonatan, \u00e0 la mani\u00e8re d\u2019un po\u00e8te solitaire, confia \u00e0 la couture le soin de dire ce que les mots n\u2019osent qu\u2019effleurer. C&rsquo;\u00e9tait \u00e0 l\u2019heure o\u00f9 le jour se penchait sur l&rsquo;apr\u00e8s-midi, les familiers de la maison et les voyageurs fid\u00e8les se retrouv\u00e8rent dans la cour du Mus\u00e9e Rodin, sanctuaire de marbre et de silence. L\u00e0, un plafond, suspendu de miroirs et de fleurs, capturait les regards comme un lac immobile capte le ciel.<\/p>\n<p style=\"text-align: justify;\">Sous le sceau de Dior, ce bapt\u00eame de couture se fit promenade. Soixante-trois apparitions, telles des saisons intimes, conduisirent l\u2019\u00e2me au c\u0153ur de paysages id\u00e9alis\u00e9s. Les plis coulaient comme des ruisseaux patients, et les motifs se posaient tels des p\u00e9tales sur la m\u00e9moire. Parfois, l&rsquo;on croyait entendre, entre deux pas, le souffle discret des cerisiers en fleurs. C\u2019\u00e9tait une \u00e9l\u00e9gie calme, un d\u00e9sir sans h\u00e2te, l\u2019\u00e9rotisme doux des jardins zen o\u00f9 rien ne se prend sans \u00eatre offert.<\/p>\n<p style=\"text-align: justify;\">Chaque d\u00e9tail de cette collection racontait une alliance ancienne et neuve \u00e0 la fois. Les broderies \u00e9taient patientes comme des confidences, les tissus choisis avec la gravit\u00e9 d\u2019un serment, les coiffures inspir\u00e9es du kawaii\u00a0pour une na\u00efvet\u00e9 assum\u00e9e et un regard lev\u00e9 formaient un \u00e9quilibre d\u00e9licat. On y retrouvait l\u2019ombre bienveillante du fondateur pour qui la fleur fut toujours m\u00e9taphore de la f\u00e9minit\u00e9 libre, \u00e9ph\u00e9m\u00e8re et souveraine.<\/p>\n<p style=\"text-align: justify;\">Manifeste d\u2019une sensualit\u00e9 organique, cette couture c\u00e9l\u00e9brait le mouvement comme on c\u00e9l\u00e8bre un corps qui consent \u00e0 danser. Les textures parlaient entre elles. Franges fr\u00e9missantes, drap\u00e9s profonds, matelass\u00e9s presque charnels, jacquards et \u00e9cailles aux reflets tactiles composaient une langue secr\u00e8te. La palette, vibrante et pastel \u00e0 la fois, semblait rougir puis s\u2019apaiser, comme une \u00e9motion travers\u00e9e.<\/p>\n<p style=\"text-align: justify;\">Les n\u0153uds XXL, larges et enveloppants, sugg\u00e9raient l\u2019\u00e9treinte sans l\u2019imposer. Les manteaux, h\u00e9ritiers de la mythique veste Bar, prot\u00e9geaient autant qu\u2019ils r\u00e9v\u00e9laient. Les d\u00e9bardeurs, intronis\u00e9s pi\u00e8ces centrales, offraient la simplicit\u00e9 comme une audace nue, dialoguant avec des accessoires mutins, scellant l\u2019accord entre discipline artisanale et d\u00e9sir contemporain.<\/p>\n<p style=\"text-align: justify;\">Enfin, vinrent les signes, presque talismans ; sacs pendants de bambou, minaudi\u00e8res coccinelles, boucles d\u2019oreilles pompons, orchid\u00e9es offertes comme des aveux. Tout concourait \u00e0 faire de cette collection une composition florale, un ikebana de sensations et de r\u00e9f\u00e9rences, o\u00f9 chaque \u00e9l\u00e9ment savait sa place et son consentement.<\/p>\n<p style=\"text-align: justify;\">Ainsi, s\u2019achevait le conte, non dans la possession, mais dans la r\u00e9sonance. La couture, ici, n\u2019habillait pas seulement le corps, elle \u00e9veillait l\u2019\u00e2me, et invitait chacun \u00e0 entrer dans le jardin, librement, d\u00e9licatement, en connaissance de cause.<\/p>\n<p style=\"text-align: justify;\">FM<\/p>\n<p style=\"text-align: justify;\" data-start=\"3255\" data-end=\"3502\" data-is-last-node=\"\" data-is-only-node=\"\"><img decoding=\"async\" loading=\"lazy\" class=\"alignnone wp-image-10532 size-full\" src=\"https:\/\/www.mouclier.com\/wp-content\/uploads\/2026\/01\/dior.jpg\" alt=\"\" width=\"1280\" height=\"631\" srcset=\"https:\/\/www.mouclier.com\/wp-content\/uploads\/2026\/01\/dior.jpg 1280w, https:\/\/www.mouclier.com\/wp-content\/uploads\/2026\/01\/dior-300x148.jpg 300w, https:\/\/www.mouclier.com\/wp-content\/uploads\/2026\/01\/dior-1024x505.jpg 1024w, https:\/\/www.mouclier.com\/wp-content\/uploads\/2026\/01\/dior-768x379.jpg 768w, https:\/\/www.mouclier.com\/wp-content\/uploads\/2026\/01\/dior-730x360.jpg 730w, https:\/\/www.mouclier.com\/wp-content\/uploads\/2026\/01\/dior-435x214.jpg 435w\" sizes=\"(max-width: 1280px) 100vw, 1280px\" \/><\/p>\n","protected":false},"excerpt":{"rendered":"<p style=\"text-align: justify;\">Il \u00e9tait une fois, dans l&rsquo;\u00c9den fa\u00e7onn\u00e9 par l\u2019Orient, un jardin que ni le temps ni la pesanteur du moment ne pouvait freiner. L\u00e0, sous un ciel d\u2019influences de l\u2019empire du milieu, Jonatan, \u00e0 la mani\u00e8re d\u2019un po\u00e8te solitaire, confia \u00e0 la couture le soin de dire ce que les mots n\u2019osent qu\u2019effleurer. C&rsquo;\u00e9tait \u00e0 l\u2019heure o\u00f9 le jour se penchait sur l&rsquo;apr\u00e8s-midi, les familiers de la maison et les voyageurs fid\u00e8les se retrouv\u00e8rent dans la cour du Mus\u00e9e Rodin, sanctuaire de marbre et de silence. L\u00e0, un plafond, suspendu de miroirs et de fleurs, capturait les regards comme un lac immobile capte le ciel. <a href=\"https:\/\/www.mouclier.com\/index.php\/2024\/dior-ikebana-de-desir\/\"><strong><em>Pour lire plus cliquer ici<\/em><\/strong><\/a><\/p>\n<p style=\"text-align: justify;\">\n","protected":false},"author":1,"featured_media":10531,"comment_status":"closed","ping_status":"closed","sticky":false,"template":"","format":"standard","meta":[],"categories":[1],"tags":[],"_links":{"self":[{"href":"https:\/\/www.mouclier.com\/index.php\/wp-json\/wp\/v2\/posts\/10529"}],"collection":[{"href":"https:\/\/www.mouclier.com\/index.php\/wp-json\/wp\/v2\/posts"}],"about":[{"href":"https:\/\/www.mouclier.com\/index.php\/wp-json\/wp\/v2\/types\/post"}],"author":[{"embeddable":true,"href":"https:\/\/www.mouclier.com\/index.php\/wp-json\/wp\/v2\/users\/1"}],"replies":[{"embeddable":true,"href":"https:\/\/www.mouclier.com\/index.php\/wp-json\/wp\/v2\/comments?post=10529"}],"version-history":[{"count":5,"href":"https:\/\/www.mouclier.com\/index.php\/wp-json\/wp\/v2\/posts\/10529\/revisions"}],"predecessor-version":[{"id":10538,"href":"https:\/\/www.mouclier.com\/index.php\/wp-json\/wp\/v2\/posts\/10529\/revisions\/10538"}],"wp:featuredmedia":[{"embeddable":true,"href":"https:\/\/www.mouclier.com\/index.php\/wp-json\/wp\/v2\/media\/10531"}],"wp:attachment":[{"href":"https:\/\/www.mouclier.com\/index.php\/wp-json\/wp\/v2\/media?parent=10529"}],"wp:term":[{"taxonomy":"category","embeddable":true,"href":"https:\/\/www.mouclier.com\/index.php\/wp-json\/wp\/v2\/categories?post=10529"},{"taxonomy":"post_tag","embeddable":true,"href":"https:\/\/www.mouclier.com\/index.php\/wp-json\/wp\/v2\/tags?post=10529"}],"curies":[{"name":"wp","href":"https:\/\/api.w.org\/{rel}","templated":true}]}}