{"id":10516,"date":"2026-01-26T11:52:48","date_gmt":"2026-01-26T10:52:48","guid":{"rendered":"https:\/\/www.mouclier.com\/?p=10516"},"modified":"2026-01-26T11:52:48","modified_gmt":"2026-01-26T10:52:48","slug":"jacquemus-eloge-du-palmier-decoratif","status":"publish","type":"post","link":"https:\/\/www.mouclier.com\/index.php\/2026\/01\/26\/jacquemus-eloge-du-palmier-decoratif\/","title":{"rendered":"JACQUEMUS \u00c9LOGE DU PALMIER D\u00c9CORATIF"},"content":{"rendered":"<p style=\"text-align: justify;\">Jacquemus revisite le \u00ab New Look \u00bb de Dior sur la croisette du mus\u00e9e Picasso en le cosm\u00e9tisant, enfin bref en le citant. Ses \u00e9quipes ex\u00e9cutent pendant que lui orchestre, car il ne coud pas le petit \u00ab\u00a0Salo nnais\u00a0\u00bb, il ne dessine pas, mais sait tr\u00e8s bien pointer. Les boucles d\u2019oreilles emprunt\u00e9es \u00e0 Schiaparelli comme deux pinces de crabe passent pour un hommage, ainsi que le manteau rouge qui devient soudain un \u00ab clin d\u2019\u0153il \u00bb, comprenez : une r\u00e9v\u00e9rence opportune \u00e0 la mort de Valentino. Chez Jacquemus, tout est r\u00e9f\u00e9rence, rien n\u2019est d&rsquo;origine, et l\u2019\u00e9motion sert surtout de vernis conceptuel.<\/p>\n<p style=\"text-align: justify;\">La collection s\u2019appelle PALMIER. Pourquoi un palmier ? Probablement parce qu\u2019il est en ligne de plage, symbole parfait de l\u2019\u00e9vasion facile ou \u00e9vasion \u00ab\u00a0fascial\u00a0\u00bb c&rsquo;est selon, pour finalement prendre l\u2019argent apr\u00e8s avoir dup\u00e9 tout le monde et se tirer \u00e0 l\u2019autre bout de la plan\u00e8te pour un r\u00eave de luxure et de paresse, parfaitement instagrammable, et surtout parfaitement creux.<\/p>\n<p style=\"text-align: justify;\">Et c\u2019est l\u00e0 que le b\u00e2t blesse, Jacquemus ne construit pas, il assemble avec les outils des autres. Il ne coupe pas, il recadre, il ne coud pas, il cite. Tout est en surface. Finalement, ce palmier est une excellente id\u00e9e : bien plant\u00e9, immobile, d\u00e9coratif. On esp\u00e8re seulement qu\u2019\u00e0 l\u2019ombre, il trouvera le temps de reprendre quelques cours de mod\u00e9lisme et de couture.<\/p>\n<p style=\"text-align: justify;\">FM<\/p>\n<div id='gallery-1' class='gallery galleryid-10516 gallery-columns-2 gallery-size-large'><figure class='gallery-item'>\n\t\t\t<div class='gallery-icon portrait'>\n\t\t\t\t<a href='https:\/\/www.mouclier.com\/index.php\/2026\/01\/26\/jacquemus-eloge-du-palmier-decoratif\/jaquemus1\/'><img width=\"543\" height=\"800\" src=\"https:\/\/www.mouclier.com\/wp-content\/uploads\/2026\/01\/jaquemus1.jpg\" class=\"attachment-large size-large\" alt=\"\" decoding=\"async\" loading=\"lazy\" srcset=\"https:\/\/www.mouclier.com\/wp-content\/uploads\/2026\/01\/jaquemus1.jpg 543w, https:\/\/www.mouclier.com\/wp-content\/uploads\/2026\/01\/jaquemus1-204x300.jpg 204w, https:\/\/www.mouclier.com\/wp-content\/uploads\/2026\/01\/jaquemus1-435x641.jpg 435w\" sizes=\"(max-width: 543px) 100vw, 543px\" \/><\/a>\n\t\t\t<\/div><\/figure><figure class='gallery-item'>\n\t\t\t<div class='gallery-icon portrait'>\n\t\t\t\t<a href='https:\/\/www.mouclier.com\/index.php\/2026\/01\/26\/jacquemus-eloge-du-palmier-decoratif\/jaquemus2\/'><img width=\"543\" height=\"800\" src=\"https:\/\/www.mouclier.com\/wp-content\/uploads\/2026\/01\/jaquemus2.jpg\" class=\"attachment-large size-large\" alt=\"\" decoding=\"async\" loading=\"lazy\" srcset=\"https:\/\/www.mouclier.com\/wp-content\/uploads\/2026\/01\/jaquemus2.jpg 543w, https:\/\/www.mouclier.com\/wp-content\/uploads\/2026\/01\/jaquemus2-204x300.jpg 204w, https:\/\/www.mouclier.com\/wp-content\/uploads\/2026\/01\/jaquemus2-435x641.jpg 435w\" sizes=\"(max-width: 543px) 100vw, 543px\" \/><\/a>\n\t\t\t<\/div><\/figure>\n\t\t<\/div>\n\n","protected":false},"excerpt":{"rendered":"<p style=\"text-align: justify;\">Jacquemus revisite le \u00ab New Look \u00bb de Dior sur la croisette du mus\u00e9e Picasso en le cosm\u00e9tisant, enfin bref en le citant. Ses \u00e9quipes ex\u00e9cutent pendant que lui orchestre, car il ne coud pas le petit \u00ab\u00a0Salo nnais\u00a0\u00bb, il ne dessine pas, mais sait tr\u00e8s bien pointer. Les boucles d\u2019oreilles emprunt\u00e9es \u00e0 Schiaparelli comme deux pinces de crabe passent pour un hommage, ainsi que le manteau rouge qui devient soudain un \u00ab clin d\u2019\u0153il \u00bb, comprenez : une r\u00e9v\u00e9rence opportune \u00e0 la mort de Valentino. Chez Jacquemus, tout est r\u00e9f\u00e9rence, rien n\u2019est d&rsquo;origine, et l\u2019\u00e9motion sert surtout de vernis conceptuel. <a href=\"https:\/\/www.mouclier.com\/index.php\/2024\/jacquemus-eloge-du-palmier-decoratif\/\"><strong><em>Pour lire plus cliquer ici<\/em><\/strong><\/a><\/p>\n<p style=\"text-align: justify;\">\n","protected":false},"author":1,"featured_media":10526,"comment_status":"closed","ping_status":"closed","sticky":false,"template":"","format":"standard","meta":[],"categories":[1],"tags":[],"_links":{"self":[{"href":"https:\/\/www.mouclier.com\/index.php\/wp-json\/wp\/v2\/posts\/10516"}],"collection":[{"href":"https:\/\/www.mouclier.com\/index.php\/wp-json\/wp\/v2\/posts"}],"about":[{"href":"https:\/\/www.mouclier.com\/index.php\/wp-json\/wp\/v2\/types\/post"}],"author":[{"embeddable":true,"href":"https:\/\/www.mouclier.com\/index.php\/wp-json\/wp\/v2\/users\/1"}],"replies":[{"embeddable":true,"href":"https:\/\/www.mouclier.com\/index.php\/wp-json\/wp\/v2\/comments?post=10516"}],"version-history":[{"count":8,"href":"https:\/\/www.mouclier.com\/index.php\/wp-json\/wp\/v2\/posts\/10516\/revisions"}],"predecessor-version":[{"id":10528,"href":"https:\/\/www.mouclier.com\/index.php\/wp-json\/wp\/v2\/posts\/10516\/revisions\/10528"}],"wp:featuredmedia":[{"embeddable":true,"href":"https:\/\/www.mouclier.com\/index.php\/wp-json\/wp\/v2\/media\/10526"}],"wp:attachment":[{"href":"https:\/\/www.mouclier.com\/index.php\/wp-json\/wp\/v2\/media?parent=10516"}],"wp:term":[{"taxonomy":"category","embeddable":true,"href":"https:\/\/www.mouclier.com\/index.php\/wp-json\/wp\/v2\/categories?post=10516"},{"taxonomy":"post_tag","embeddable":true,"href":"https:\/\/www.mouclier.com\/index.php\/wp-json\/wp\/v2\/tags?post=10516"}],"curies":[{"name":"wp","href":"https:\/\/api.w.org\/{rel}","templated":true}]}}