{"id":10481,"date":"2026-01-24T12:43:21","date_gmt":"2026-01-24T11:43:21","guid":{"rendered":"https:\/\/www.mouclier.com\/?p=10481"},"modified":"2026-01-24T12:43:21","modified_gmt":"2026-01-24T11:43:21","slug":"van-noten-respirer-le-passage-du-temps","status":"publish","type":"post","link":"https:\/\/www.mouclier.com\/index.php\/2026\/01\/24\/van-noten-respirer-le-passage-du-temps\/","title":{"rendered":"VAN NOTEN RESPIRER LE PASSAGE DU TEMPS"},"content":{"rendered":"<p style=\"text-align: justify;\">Cela s\u2019appelle respirer, dans les all\u00e9es d\u2019un parc, des amoureux passent sans se voir, observ\u00e9s par une vieille dame dont le regard veille plus qu\u2019il ne juge. Le monde n\u2019est peut-\u00eatre pas si dur, il prend juste parfois des d\u00e9tours. Il ne faut jamais d\u00e9sesp\u00e9rer, il ne faut jamais esp\u00e9rer non plus. Il faut \u00eatre l\u00e0 ,pr\u00e9sent, disponible.<\/p>\n<p style=\"text-align: justify;\">C\u2019est exactement dans cet entre-deux que s\u2019inscrit la collection automne-hiver 2026-2027 de Dries Van Noten. Une saison pens\u00e9e comme un moment de bascule douce, o\u00f9 l\u2019on cesse de se regarder \u00e0 distance pour enfin s\u2019habiter pleinement. Les codes du preppy (style vestimentaire \u00e0 tendance sportswear), r\u00e9interpr\u00e9t\u00e9s, deviennent moins une armure qu\u2019un terrain d\u2019essai. Vestes structur\u00e9es mais jamais rigides, superpositions instinctives, couleurs qui murmurent au lieu de d\u00e9clarer, le v\u00eatement accompagne le corps sans l\u2019assigner.<\/p>\n<p style=\"text-align: justify;\">Pour son deuxi\u00e8me d\u00e9fil\u00e9 masculin, le quatri\u00e8me depuis sa nomination en d\u00e9cembre 2024, Julian Klausner poursuit l\u2019h\u00e9ritage de la maison avec une justesse rare. Sans nostalgie appuy\u00e9e, sans volont\u00e9 de rupture spectaculaire. Il apprend, et cela se voit. \u00ab J\u2019ai voulu explorer l\u2019id\u00e9e du passage \u00e0 l\u2019\u00e2ge adulte. Non pas de mani\u00e8re dramatique ou romantique, mais en c\u00e9l\u00e9brant la joie des nouveaux commencements \u00bb, confie-t-il dans les notes du d\u00e9fil\u00e9. La na\u00efvet\u00e9 n\u2019est pas ici une faiblesse, mais une force discr\u00e8te. Celle des premi\u00e8res fois, de l\u2019honn\u00eatet\u00e9 face \u00e0 soi-m\u00eame, du pas de c\u00f4t\u00e9 hors de la zone de confort.<\/p>\n<p style=\"text-align: justify;\">Quand on commence \u00e0 ne plus s\u2019aimer, on finit par d\u00e9tester le monde. Cette collection fait exactement l\u2019inverse. Elle invite \u00e0 se r\u00e9concilier avec ce que l\u2019on devient, sans pr\u00e9cipitation, sans posture. Elle ne promet rien. Elle est l\u00e0. Et parfois, c\u2019est tout ce dont on a besoin.<\/p>\n<p style=\"text-align: justify;\">FM<\/p>\n<div id='gallery-1' class='gallery galleryid-10481 gallery-columns-2 gallery-size-large'><figure class='gallery-item'>\n\t\t\t<div class='gallery-icon portrait'>\n\t\t\t\t<a href='https:\/\/www.mouclier.com\/index.php\/2026\/01\/24\/van-noten-respirer-le-passage-du-temps\/1-46\/'><img width=\"616\" height=\"922\" src=\"https:\/\/www.mouclier.com\/wp-content\/uploads\/2026\/01\/1-3.jpg\" class=\"attachment-large size-large\" alt=\"\" decoding=\"async\" loading=\"lazy\" srcset=\"https:\/\/www.mouclier.com\/wp-content\/uploads\/2026\/01\/1-3.jpg 616w, https:\/\/www.mouclier.com\/wp-content\/uploads\/2026\/01\/1-3-200x300.jpg 200w, https:\/\/www.mouclier.com\/wp-content\/uploads\/2026\/01\/1-3-435x651.jpg 435w\" sizes=\"(max-width: 616px) 100vw, 616px\" \/><\/a>\n\t\t\t<\/div><\/figure><figure class='gallery-item'>\n\t\t\t<div class='gallery-icon portrait'>\n\t\t\t\t<a href='https:\/\/www.mouclier.com\/index.php\/2026\/01\/24\/van-noten-respirer-le-passage-du-temps\/3-48\/'><img width=\"616\" height=\"922\" src=\"https:\/\/www.mouclier.com\/wp-content\/uploads\/2026\/01\/3-2.jpg\" class=\"attachment-large size-large\" alt=\"\" decoding=\"async\" loading=\"lazy\" srcset=\"https:\/\/www.mouclier.com\/wp-content\/uploads\/2026\/01\/3-2.jpg 616w, https:\/\/www.mouclier.com\/wp-content\/uploads\/2026\/01\/3-2-200x300.jpg 200w, https:\/\/www.mouclier.com\/wp-content\/uploads\/2026\/01\/3-2-435x651.jpg 435w\" sizes=\"(max-width: 616px) 100vw, 616px\" \/><\/a>\n\t\t\t<\/div><\/figure>\n\t\t<\/div>\n\n<div class=\"z-0 flex min-h-[46px] justify-start\" style=\"text-align: justify;\"><\/div>\n<div class=\"mt-3 w-full empty:hidden\" style=\"text-align: justify;\">\n<div class=\"text-center\"><\/div>\n<\/div>\n<div class=\"pointer-events-none h-px w-px absolute bottom-0\" style=\"text-align: justify;\" aria-hidden=\"true\" data-edge=\"true\"><\/div>\n","protected":false},"excerpt":{"rendered":"<p style=\"text-align: justify;\">Cela s\u2019appelle respirer, dans les all\u00e9es d\u2019un parc, des amoureux passent sans se voir, observ\u00e9s par une vieille dame dont le regard veille plus qu\u2019il ne juge. Le monde n\u2019est peut-\u00eatre pas si dur, il prend juste parfois des d\u00e9tours. Il ne faut jamais d\u00e9sesp\u00e9rer, il ne faut jamais esp\u00e9rer non plus. Il faut \u00eatre l\u00e0 ,pr\u00e9sent, disponible.<\/p>\n<p style=\"text-align: justify;\">\n<p style=\"text-align: justify;\">C\u2019est exactement dans cet entre-deux que s\u2019inscrit la collection automne-hiver 2026-2027 de Dries Van Noten. Une saison pens\u00e9e comme un moment de bascule douce, o\u00f9 l\u2019on cesse de se regarder \u00e0 distance pour enfin s\u2019habiter pleinement. <a href=\"https:\/\/www.mouclier.com\/index.php\/2024\/van-noten-respirer-le-passage-du-temps\/\"><strong><em>Pour lire plus cliquer ici<\/em><\/strong><\/a><\/p>\n<p style=\"text-align: justify;\">\n","protected":false},"author":1,"featured_media":10482,"comment_status":"closed","ping_status":"closed","sticky":false,"template":"","format":"standard","meta":[],"categories":[1],"tags":[],"_links":{"self":[{"href":"https:\/\/www.mouclier.com\/index.php\/wp-json\/wp\/v2\/posts\/10481"}],"collection":[{"href":"https:\/\/www.mouclier.com\/index.php\/wp-json\/wp\/v2\/posts"}],"about":[{"href":"https:\/\/www.mouclier.com\/index.php\/wp-json\/wp\/v2\/types\/post"}],"author":[{"embeddable":true,"href":"https:\/\/www.mouclier.com\/index.php\/wp-json\/wp\/v2\/users\/1"}],"replies":[{"embeddable":true,"href":"https:\/\/www.mouclier.com\/index.php\/wp-json\/wp\/v2\/comments?post=10481"}],"version-history":[{"count":3,"href":"https:\/\/www.mouclier.com\/index.php\/wp-json\/wp\/v2\/posts\/10481\/revisions"}],"predecessor-version":[{"id":10487,"href":"https:\/\/www.mouclier.com\/index.php\/wp-json\/wp\/v2\/posts\/10481\/revisions\/10487"}],"wp:featuredmedia":[{"embeddable":true,"href":"https:\/\/www.mouclier.com\/index.php\/wp-json\/wp\/v2\/media\/10482"}],"wp:attachment":[{"href":"https:\/\/www.mouclier.com\/index.php\/wp-json\/wp\/v2\/media?parent=10481"}],"wp:term":[{"taxonomy":"category","embeddable":true,"href":"https:\/\/www.mouclier.com\/index.php\/wp-json\/wp\/v2\/categories?post=10481"},{"taxonomy":"post_tag","embeddable":true,"href":"https:\/\/www.mouclier.com\/index.php\/wp-json\/wp\/v2\/tags?post=10481"}],"curies":[{"name":"wp","href":"https:\/\/api.w.org\/{rel}","templated":true}]}}