{"id":10450,"date":"2026-01-23T12:51:25","date_gmt":"2026-01-23T11:51:25","guid":{"rendered":"https:\/\/www.mouclier.com\/?p=10450"},"modified":"2026-01-23T12:51:25","modified_gmt":"2026-01-23T11:51:25","slug":"owens-sous-le-cuir-lautorite-et-lombre","status":"publish","type":"post","link":"https:\/\/www.mouclier.com\/index.php\/2026\/01\/23\/owens-sous-le-cuir-lautorite-et-lombre\/","title":{"rendered":"OWENS SOUS LE CUIR, L\u2019AUTORIT\u00c9 ET L\u2019OMBRE"},"content":{"rendered":"<p style=\"text-align: justify;\" data-start=\"191\" data-end=\"682\">Les manteaux de cuir, d\u2019une rigidit\u00e9 presque obstin\u00e9e, inspiraient une impression sombre et s\u00e9v\u00e8re. Leurs fentes dorsales, nettes et accus\u00e9es, ainsi que leurs fermoirs rappelant des harnais, semblaient porter en eux le souvenir d\u2019une discipline martiale, comme si ces v\u00eatements avaient \u00e9t\u00e9 fa\u00e7onn\u00e9s non seulement pour le corps, mais pour une id\u00e9e de l\u2019autorit\u00e9 et de la contrainte. Ils \u00e9voquaient un monde o\u00f9 l\u2019individu se plie \u00e0 une force plus vaste, impersonnelle, que nul ne peut ignorer.<\/p>\n<p style=\"text-align: justify;\" data-start=\"684\" data-end=\"1240\">Owens, conscient de cette r\u00e9sonance, ne chercha pas \u00e0 s\u2019en disculper. Il admit m\u00eame avoir h\u00e9sit\u00e9 lorsqu\u2019il ajouta des \u00e9paulettes aux blousons de motard et aux surchemises, sentant confus\u00e9ment que ce d\u00e9tail accentuait une tension d\u00e9j\u00e0 lourde de sens. Pourtant, cette h\u00e9sitation ne le d\u00e9tourna pas de son chemin. Au contraire, elle l\u2019y engagea davantage. Il se dit que s\u2019il existait une raison de s\u2019impliquer pleinement, elle se trouvait pr\u00e9cis\u00e9ment dans cette g\u00eane, dans cette inqui\u00e9tude diffuse que chacun reconna\u00eet aujourd\u2019hui dans le monde qui l\u2019entoure.<\/p>\n<p style=\"text-align: justify;\" data-start=\"1242\" data-end=\"1730\">Il pensa alors aux forces de l\u2019ordre, \u00e0 leur pr\u00e9sence constante, in\u00e9vitable, presque banale tant elle est inscrite dans le quotidien. Face \u00e0 la peur qu\u2019elles peuvent susciter, face \u00e0 l\u2019angoisse muette qu\u2019elles incarnent parfois, il se posa une question simple et profond\u00e9ment humaine : comment vivre avec cela ?<\/p>\n<p style=\"text-align: justify;\" data-start=\"1732\" data-end=\"2229\">Ainsi apparurent des bottes de police volontairement d\u00e9mesur\u00e9es, presque grotesques, comme pour r\u00e9v\u00e9ler par l\u2019exc\u00e8s ce que l\u2019autorit\u00e9 peut avoir de th\u00e9\u00e2tral et d\u2019absurde. Leur existence m\u00eame semblait dire que la solennit\u00e9 n\u2019est jamais invincible. Et comme pour dissiper toute ambigu\u00eft\u00e9, elles se d\u00e9clinaient non seulement dans un noir viril et attendu, mais aussi dans un mauve menthe inattendu, couleur douce et presque enfantine, introduisant une dissonance troublante dans cet univers de force.<\/p>\n<p style=\"text-align: justify;\" data-start=\"2616\" data-end=\"3109\">Quant au brouillard qui enveloppait la sc\u00e8ne comme a son habitude, il ne chercha jamais \u00e0 le justifier. Il y voyait \u00e0 la fois le myst\u00e8re et le danger, mais aussi quelque chose de volontairement excessif, presque na\u00eff, le brouillard, disait-il, il l\u2019aimait, sans autre raison que ce plaisir simple et assum\u00e9.<\/p>\n<p data-start=\"2616\" data-end=\"3109\">FM<\/p>\n<div id='gallery-1' class='gallery galleryid-10450 gallery-columns-2 gallery-size-large'><figure class='gallery-item'>\n\t\t\t<div class='gallery-icon portrait'>\n\t\t\t\t<a href='https:\/\/www.mouclier.com\/index.php\/2026\/01\/23\/owens-sous-le-cuir-lautorite-et-lombre\/1-44\/'><img width=\"582\" height=\"876\" src=\"https:\/\/www.mouclier.com\/wp-content\/uploads\/2026\/01\/1-1.jpg\" class=\"attachment-large size-large\" alt=\"\" decoding=\"async\" loading=\"lazy\" srcset=\"https:\/\/www.mouclier.com\/wp-content\/uploads\/2026\/01\/1-1.jpg 582w, https:\/\/www.mouclier.com\/wp-content\/uploads\/2026\/01\/1-1-199x300.jpg 199w, https:\/\/www.mouclier.com\/wp-content\/uploads\/2026\/01\/1-1-435x655.jpg 435w\" sizes=\"(max-width: 582px) 100vw, 582px\" \/><\/a>\n\t\t\t<\/div><\/figure><figure class='gallery-item'>\n\t\t\t<div class='gallery-icon portrait'>\n\t\t\t\t<a href='https:\/\/www.mouclier.com\/index.php\/2026\/01\/23\/owens-sous-le-cuir-lautorite-et-lombre\/3-47\/'><img width=\"582\" height=\"876\" src=\"https:\/\/www.mouclier.com\/wp-content\/uploads\/2026\/01\/3-1.jpg\" class=\"attachment-large size-large\" alt=\"\" decoding=\"async\" loading=\"lazy\" srcset=\"https:\/\/www.mouclier.com\/wp-content\/uploads\/2026\/01\/3-1.jpg 582w, https:\/\/www.mouclier.com\/wp-content\/uploads\/2026\/01\/3-1-199x300.jpg 199w, https:\/\/www.mouclier.com\/wp-content\/uploads\/2026\/01\/3-1-435x655.jpg 435w\" sizes=\"(max-width: 582px) 100vw, 582px\" \/><\/a>\n\t\t\t<\/div><\/figure>\n\t\t<\/div>\n\n","protected":false},"excerpt":{"rendered":"<p>Les manteaux de cuir, d\u2019une rigidit\u00e9 presque obstin\u00e9e, inspiraient une impression sombre et s\u00e9v\u00e8re. Leurs fentes dorsales, nettes et accus\u00e9es, ainsi que leurs fermoirs rappelant des harnais, semblaient porter en [&hellip;]<\/p>\n","protected":false},"author":1,"featured_media":10453,"comment_status":"closed","ping_status":"closed","sticky":false,"template":"","format":"standard","meta":[],"categories":[1],"tags":[],"_links":{"self":[{"href":"https:\/\/www.mouclier.com\/index.php\/wp-json\/wp\/v2\/posts\/10450"}],"collection":[{"href":"https:\/\/www.mouclier.com\/index.php\/wp-json\/wp\/v2\/posts"}],"about":[{"href":"https:\/\/www.mouclier.com\/index.php\/wp-json\/wp\/v2\/types\/post"}],"author":[{"embeddable":true,"href":"https:\/\/www.mouclier.com\/index.php\/wp-json\/wp\/v2\/users\/1"}],"replies":[{"embeddable":true,"href":"https:\/\/www.mouclier.com\/index.php\/wp-json\/wp\/v2\/comments?post=10450"}],"version-history":[{"count":3,"href":"https:\/\/www.mouclier.com\/index.php\/wp-json\/wp\/v2\/posts\/10450\/revisions"}],"predecessor-version":[{"id":10456,"href":"https:\/\/www.mouclier.com\/index.php\/wp-json\/wp\/v2\/posts\/10450\/revisions\/10456"}],"wp:featuredmedia":[{"embeddable":true,"href":"https:\/\/www.mouclier.com\/index.php\/wp-json\/wp\/v2\/media\/10453"}],"wp:attachment":[{"href":"https:\/\/www.mouclier.com\/index.php\/wp-json\/wp\/v2\/media?parent=10450"}],"wp:term":[{"taxonomy":"category","embeddable":true,"href":"https:\/\/www.mouclier.com\/index.php\/wp-json\/wp\/v2\/categories?post=10450"},{"taxonomy":"post_tag","embeddable":true,"href":"https:\/\/www.mouclier.com\/index.php\/wp-json\/wp\/v2\/tags?post=10450"}],"curies":[{"name":"wp","href":"https:\/\/api.w.org\/{rel}","templated":true}]}}