{"id":10440,"date":"2026-01-23T11:22:09","date_gmt":"2026-01-23T10:22:09","guid":{"rendered":"https:\/\/www.mouclier.com\/?p=10440"},"modified":"2026-01-23T11:22:09","modified_gmt":"2026-01-23T10:22:09","slug":"eloge-de-la-desinvolture-parisienne","status":"publish","type":"post","link":"https:\/\/www.mouclier.com\/index.php\/2026\/01\/23\/eloge-de-la-desinvolture-parisienne\/","title":{"rendered":"\u00c9LOGE DE LA D\u00c9SINVOLTURE PARISIENNE"},"content":{"rendered":"<p style=\"text-align: justify;\">La Fran\u00e7aise, et plus encore la Parisienne diffuse dans le monde avec une indolence savamment cultiv\u00e9e, une nonchalance h\u00e9rit\u00e9e des si\u00e8cles, faite de silences, de regards sous-entendus et de gestes inutiles devenus n\u00e9cessaires. Elle n\u2019est pas seulement une figure de mode mais un mythe urbain que l\u2019on contemple, que l\u2019on imite, sans jamais s\u2019\u00e9puiser.<\/p>\n<p style=\"text-align: justify;\">\u00c0 Paris, cette attitude trouve son \u00e9picentre, entre deux trottoirs de Breteuil et une terrasse ti\u00e8de de braseros des boulmiches, Alexandre Mattiussi, pour le d\u00e9fil\u00e9 Ami automne-hiver 2026-2027, ne d\u00e9truit pas cette ic\u00f4ne, il la fait marcher autrement. La d\u00e9sinvolture subsiste, mais elle s\u2019enrichit d\u2019un confort revendiqu\u00e9, d\u2019un art de s\u2019habiller qui pr\u00e9f\u00e8re l\u2019\u00e9lan personnel \u00e0 la r\u00e8gle \u00e9crite.<\/p>\n<p style=\"text-align: justify;\">Sur son podium d\u00e9filent des passantes imaginaires, \u00e9chapp\u00e9es des rues de la capitale, silhouettes sans r\u00e9cit mais charg\u00e9es de vies possibles. Des couples m\u00eal\u00e9s, pluriels, v\u00eatus comme on chine au Marais dans les \u00ab kilo-Shop \u00bb, par accumulation heureuse et d\u00e9sordre ma\u00eetris\u00e9. Les grandes pi\u00e8ces du vestiaire avec manteau de laine, jean droit, blazer, et chemise \u00e0 rayures, se superposent comme on empile des souvenirs. Rien n\u2019est appuy\u00e9, tout semble trouv\u00e9 en chemin. \u00c0 ma droite, une bimbo s\u2019agite comme une alarme d\u00e9fectueuse en pleine canicule, si hors de contr\u00f4le, que les pompiers ont fini par venir l\u2019embarquer, plus par mesure de salubrit\u00e9 publique que par h\u00e9ro\u00efsme.<\/p>\n<p style=\"text-align: justify;\">Bref, les cravates pendent comme apendice masculin \u00e0 peine retenue par le cou, et dans la mode, il faut mieux s\u2019en jeter un derri\u00e8re la cravate que de se jeter une cravate dans le derri\u00e8re. Enfin, un souveneir de mon Headphone avec des \u00e9couteurs filaires qui reviennent comme un vestige obstin\u00e9 du monde d\u2019avant celui o\u00f9 l\u2019on applaudissait sans hashtags. Le pull de maille fraternise avec la chemise blanche, puis s\u2019\u00e9gare dans un jogging et des sneakers. C\u2019est une \u00e9l\u00e9gance de marcheur, une mode qui ne parade pas mais chemine, libre, attentive, souverainement indisciplin\u00e9e. Personnellement, j\u2019ai ador\u00e9, et manifestement en sortant, je me suis dit que mon \u00e2ge avance visiblement plus vite que mon enthousiasme.<\/p>\n<p style=\"text-align: justify;\">FM<\/p>\n","protected":false},"excerpt":{"rendered":"<p>La Fran\u00e7aise, et plus encore la Parisienne diffuse dans le monde avec une indolence savamment cultiv\u00e9e, une nonchalance h\u00e9rit\u00e9e des si\u00e8cles, faite de silences, de regards sous-entendus et de gestes [&hellip;]<\/p>\n","protected":false},"author":1,"featured_media":10441,"comment_status":"closed","ping_status":"closed","sticky":false,"template":"","format":"standard","meta":[],"categories":[1],"tags":[],"_links":{"self":[{"href":"https:\/\/www.mouclier.com\/index.php\/wp-json\/wp\/v2\/posts\/10440"}],"collection":[{"href":"https:\/\/www.mouclier.com\/index.php\/wp-json\/wp\/v2\/posts"}],"about":[{"href":"https:\/\/www.mouclier.com\/index.php\/wp-json\/wp\/v2\/types\/post"}],"author":[{"embeddable":true,"href":"https:\/\/www.mouclier.com\/index.php\/wp-json\/wp\/v2\/users\/1"}],"replies":[{"embeddable":true,"href":"https:\/\/www.mouclier.com\/index.php\/wp-json\/wp\/v2\/comments?post=10440"}],"version-history":[{"count":1,"href":"https:\/\/www.mouclier.com\/index.php\/wp-json\/wp\/v2\/posts\/10440\/revisions"}],"predecessor-version":[{"id":10442,"href":"https:\/\/www.mouclier.com\/index.php\/wp-json\/wp\/v2\/posts\/10440\/revisions\/10442"}],"wp:featuredmedia":[{"embeddable":true,"href":"https:\/\/www.mouclier.com\/index.php\/wp-json\/wp\/v2\/media\/10441"}],"wp:attachment":[{"href":"https:\/\/www.mouclier.com\/index.php\/wp-json\/wp\/v2\/media?parent=10440"}],"wp:term":[{"taxonomy":"category","embeddable":true,"href":"https:\/\/www.mouclier.com\/index.php\/wp-json\/wp\/v2\/categories?post=10440"},{"taxonomy":"post_tag","embeddable":true,"href":"https:\/\/www.mouclier.com\/index.php\/wp-json\/wp\/v2\/tags?post=10440"}],"curies":[{"name":"wp","href":"https:\/\/api.w.org\/{rel}","templated":true}]}}