{"id":1044,"date":"2022-02-18T06:06:51","date_gmt":"2022-02-18T05:06:51","guid":{"rendered":"https:\/\/www.mouclier.com\/?p=1044"},"modified":"2022-03-04T11:25:13","modified_gmt":"2022-03-04T10:25:13","slug":"peter-do-cochinchine","status":"publish","type":"post","link":"https:\/\/www.mouclier.com\/index.php\/2022\/02\/18\/peter-do-cochinchine\/","title":{"rendered":"PETER DO COCHINCHINE"},"content":{"rendered":"<p style=\"text-align: justify;\"><img decoding=\"async\" loading=\"lazy\" class=\"wp-image-1045 alignleft\" src=\"https:\/\/www.mouclier.com\/wp-content\/uploads\/2022\/02\/canal-2.jpg\" alt=\"\" width=\"367\" height=\"551\" srcset=\"https:\/\/www.mouclier.com\/wp-content\/uploads\/2022\/02\/canal-2.jpg 800w, https:\/\/www.mouclier.com\/wp-content\/uploads\/2022\/02\/canal-2-200x300.jpg 200w, https:\/\/www.mouclier.com\/wp-content\/uploads\/2022\/02\/canal-2-768x1152.jpg 768w, https:\/\/www.mouclier.com\/wp-content\/uploads\/2022\/02\/canal-2-683x1024.jpg 683w, https:\/\/www.mouclier.com\/wp-content\/uploads\/2022\/02\/canal-2-520x780.jpg 520w, https:\/\/www.mouclier.com\/wp-content\/uploads\/2022\/02\/canal-2-740x1110.jpg 740w\" sizes=\"(max-width: 367px) 100vw, 367px\" \/>J\u2019\u00e9voquerai ici les changements car le temps, qui lasse, t\u00e2te souvent la surface des ans, et avec pr\u00e9caution, je m\u2019expose pour un inconnu, pas John Do, mais Peter Do, celui qui passait le M\u00e9kong ce jour-l\u00e0 en direction de Manhattan. Son premier d\u00e9fil\u00e9 \u00e9tait, en septembre, avec la skyline en toile de fond, une collection refl\u00e9tant l\u2019exp\u00e9rience d\u2019un migrant et de sa famille de Hano\u00ef, pour la promesse du r\u00eave Am\u00e9ricain dans l\u2019industrie de la mode. Peter Do a prouv\u00e9 qu\u2019il \u00e9tait un des acteurs new-yorkais de la prochaine g\u00e9n\u00e9ration de couturiers, en affirmant avec ses tailleurs ce qui sera la pierre angulaire de sa marque pour les Working Girls de la grosse pomme. D\u2019ailleurs, depuis la collection, les ventes de sa marque ont doubl\u00e9.<\/p>\n<p style=\"text-align: justify;\">Intitul\u00e9 \u00ab Foundations \u00bb \u00ab un signe pour lever des fonds certainement \u00bb, pour une collection en noir et blanc mais surtout en 36 couleurs et looks, longues jupes pliss\u00e9es \u00e0 double ceintures \u00e0 l\u2019esprit Punk, pantalons en laine coup\u00e9s \u00e0 la Faux, mais aussi en Denim \u00e0 jambes larges ou en forme de tonneau avec des d\u00e9coupes \u00e0 une jambe et un jeu de couleurs noir et blanc, manteaux surdimensionn\u00e9s r\u00e9versibles de cuir et de mouton en laine de soie matelass\u00e9e.<\/p>\n<p style=\"text-align: justify;\">Pour le soir, paillettes noires pour nuits blanches, coll\u00e9es sur du n\u00e9opr\u00e8ne, un pantalon et un manteau aussi doux \u00e0 l\u2019int\u00e9rieur que votre pantalon de jogging pr\u00e9f\u00e9r\u00e9. Foulards extra-longs, avec revers autonomes presque jusqu\u2019au sol. Do est l\u2019un des rares cr\u00e9ateurs new-yorkais qui pense vraiment \u00e0 l\u2019innovation. <!--more-->Lorsqu\u2019il travaillait chez C\u00e9line, il r\u00eavait \u00e0 l\u2019id\u00e9e d\u2019avoir un atelier \u00e0 New York o\u00f9 les gens seraient fiers de travailler comme mod\u00e9listes pour lui, ce qui d\u00e9note l\u2019ambiance dans la maison Vipiana qui l\u2019a laiss\u00e9 partir. Un couturier en devenir, \u00e0 suivre assur\u00e9ment.<\/p>\n<p style=\"text-align: justify;\">Anonymode<\/p>\n","protected":false},"excerpt":{"rendered":"<p>J\u2019\u00e9voquerai ici les changements car le temps, qui lasse, t\u00e2te souvent la surface des ans, et avec pr\u00e9caution, je m\u2019expose pour un inconnu, pas John Do, mais Peter Do, celui [&hellip;]<\/p>\n","protected":false},"author":1,"featured_media":1045,"comment_status":"open","ping_status":"open","sticky":false,"template":"","format":"standard","meta":[],"categories":[1],"tags":[],"_links":{"self":[{"href":"https:\/\/www.mouclier.com\/index.php\/wp-json\/wp\/v2\/posts\/1044"}],"collection":[{"href":"https:\/\/www.mouclier.com\/index.php\/wp-json\/wp\/v2\/posts"}],"about":[{"href":"https:\/\/www.mouclier.com\/index.php\/wp-json\/wp\/v2\/types\/post"}],"author":[{"embeddable":true,"href":"https:\/\/www.mouclier.com\/index.php\/wp-json\/wp\/v2\/users\/1"}],"replies":[{"embeddable":true,"href":"https:\/\/www.mouclier.com\/index.php\/wp-json\/wp\/v2\/comments?post=1044"}],"version-history":[{"count":1,"href":"https:\/\/www.mouclier.com\/index.php\/wp-json\/wp\/v2\/posts\/1044\/revisions"}],"predecessor-version":[{"id":1046,"href":"https:\/\/www.mouclier.com\/index.php\/wp-json\/wp\/v2\/posts\/1044\/revisions\/1046"}],"wp:featuredmedia":[{"embeddable":true,"href":"https:\/\/www.mouclier.com\/index.php\/wp-json\/wp\/v2\/media\/1045"}],"wp:attachment":[{"href":"https:\/\/www.mouclier.com\/index.php\/wp-json\/wp\/v2\/media?parent=1044"}],"wp:term":[{"taxonomy":"category","embeddable":true,"href":"https:\/\/www.mouclier.com\/index.php\/wp-json\/wp\/v2\/categories?post=1044"},{"taxonomy":"post_tag","embeddable":true,"href":"https:\/\/www.mouclier.com\/index.php\/wp-json\/wp\/v2\/tags?post=1044"}],"curies":[{"name":"wp","href":"https:\/\/api.w.org\/{rel}","templated":true}]}}