{"id":10385,"date":"2026-01-21T06:03:24","date_gmt":"2026-01-21T05:03:24","guid":{"rendered":"https:\/\/www.mouclier.com\/?p=10385"},"modified":"2026-01-20T23:03:41","modified_gmt":"2026-01-20T22:03:41","slug":"la-mode-en-menagerie-sur-cintre","status":"publish","type":"post","link":"https:\/\/www.mouclier.com\/index.php\/2026\/01\/21\/la-mode-en-menagerie-sur-cintre\/","title":{"rendered":"LA MODE EN M\u00c9NAGERIE SUR CINTRE"},"content":{"rendered":"<p style=\"text-align: justify;\">Marco de Vincenzo, samedi soir, a d\u00e9cid\u00e9 que le summum du chic, c\u2019\u00e9tait de se promener avec une t\u00eate de rhinoc\u00e9ros miniature sur son veston. Y a-t-il un message en lien avec le livre d\u2019Eug\u00e8ne Ionesco ? \u00c9videmment non, car les gens de mode ne lisent pas. Il s\u2019agit simplement d\u2019une performance o\u00f9 un styliste d\u00e9cide de coller un empaill\u00e9 sur le podium, faisant \u00e9cho aux autres empaill\u00e9s du public, et personne n\u2019y a rien vu!<\/p>\n<p class=\"whitespace-break-spaces\" dir=\"auto\" style=\"text-align: justify;\">Mais ici, pas de message \u00e9cologique ou animalier : Marco s\u2019inspire d\u2019une campagne de 1997, o\u00f9 l\u2019humain et l\u2019animal fusionnaient. Sans doute l\u2019\u00e9poque b\u00e9nie o\u00f9 l\u2019on confondait un mannequin et une girafe apr\u00e8s trois verres de chianti, sorte de \u00ab\u00a0condamn\u00e9s de draps communs \u00ab\u00a0.<\/p>\n<p class=\"whitespace-break-spaces\" dir=\"auto\" style=\"text-align: justify;\">Entre classicisme et fantaisie, un pr\u00e9texte pour mettre des plumes sur des tweeds, et appeler cela une \u00ab r\u00e9flexion sur l\u2019instinct face \u00e0 l\u2019intellect \u00bb. Autrement dit : si c\u2019est moche et cher, c\u2019est la touche conceptuelle fa\u00e7on Jacque-mumuse.<\/p>\n<p class=\"whitespace-break-spaces\" dir=\"auto\" style=\"text-align: justify;\">Les smokings sont en soie, les manteaux en tweed, les revers en plumes, et les blousons d\u00e9cor\u00e9s de t\u00eate de hiboux autrement dit, une m\u00e9nagerie sur cintre. On imagine la sc\u00e8ne : \u00ab Ch\u00e9ri, tu as vu mon pull hibou ? Non, mais il \u00e9tait chouette ! \u00bb<\/p>\n<p class=\"whitespace-break-spaces\" dir=\"auto\" style=\"text-align: justify;\">Etro, c\u2019est \u00ab le go\u00fbt italien avec une pointe d\u2019excentricit\u00e9 \u00bb. Autrement dit, le pays o\u00f9 m\u00eame les pyjamas co\u00fbtent un \u00ab Pascal Marrant \u00bb, mais on te dit que c\u2019est \u00ab d\u00e9contract\u00e9 \u00bb. Les peignoirs deviennent des v\u00eatements d\u2019ext\u00e9rieur, et on attend avec impatience la prochaine collection : le cale\u00e7on philosophique et la charentaise m\u00e9taphysique pour vieille incontinente.<\/p>\n<p class=\"whitespace-break-spaces\" dir=\"auto\" style=\"text-align: justify;\">Enfin, interrog\u00e9 sur son animal pr\u00e9f\u00e9r\u00e9, Marco d\u00e9clare les aimer tous. Une r\u00e9ponse digne d\u2019un concours de Miss Univers en version couture, mais attention : il est du signe de l\u2019\u00e2ne cela explique peut \u00eatre cela ! \u00c9nergique, ind\u00e9pendant, aventureux\u2026 bref, le portrait-robot d\u2019un homme qui met des t\u00eates de rhinoc\u00e9ros sur ses vestes pour attirer les jeunes loups gr\u00e2ce \u00e0 sa grosse corne. Une bonne id\u00e9e, peut-\u00eatre, mais avec son look \u00e0 la Jacques de Bascher, il n\u2019en a pas vraiment besoin.<\/p>\n<p class=\"whitespace-break-spaces\" dir=\"auto\" style=\"text-align: justify;\">Bref, Etro, c\u2019est la jungle chic : une savane en soie pour la jungle des gens de mode, o\u00f9 les instincts sont soigneusement repass\u00e9s, les plumes bien peign\u00e9es pendant les d\u00e9fil\u00e9s, et o\u00f9 leur c\u00f4t\u00e9 animal se d\u00e9cha\u00eene seulement dans les backrooms du Marais, le soir venu. Des z\u00e8bres parfaitement assortis \u00e0 leurs mocassins ou \u00e0 leur Marocain, selon les cas.<\/p>\n<p class=\"whitespace-break-spaces\" dir=\"auto\" style=\"text-align: justify;\">FM<\/p>\n","protected":false},"excerpt":{"rendered":"<p style=\"text-align: justify;\">Marco de Vincenzo, samedi soir, a d\u00e9cid\u00e9 que le summum du chic, c\u2019\u00e9tait de se promener avec une t\u00eate de rhinoc\u00e9ros miniature sur son veston. Y a-t-il un message en lien avec le livre d\u2019Eug\u00e8ne Ionesco ? \u00c9videmment non, car les gens de mode ne lisent pas. Il s\u2019agit simplement d\u2019une performance o\u00f9 un styliste d\u00e9cide de coller un empaill\u00e9 sur le podium, faisant \u00e9cho aux autres empaill\u00e9s du public, et personne n\u2019y a rien vu! <a href=\"https:\/\/www.mouclier.com\/index.php\/2024\/la-mode-en-menagerie-sur-cintre\/\"><strong><em>Pour lire plus cliquer ici<\/em><\/strong><\/a><\/p>\n<p style=\"text-align: justify;\">\n","protected":false},"author":1,"featured_media":10388,"comment_status":"closed","ping_status":"closed","sticky":false,"template":"","format":"standard","meta":[],"categories":[1],"tags":[],"_links":{"self":[{"href":"https:\/\/www.mouclier.com\/index.php\/wp-json\/wp\/v2\/posts\/10385"}],"collection":[{"href":"https:\/\/www.mouclier.com\/index.php\/wp-json\/wp\/v2\/posts"}],"about":[{"href":"https:\/\/www.mouclier.com\/index.php\/wp-json\/wp\/v2\/types\/post"}],"author":[{"embeddable":true,"href":"https:\/\/www.mouclier.com\/index.php\/wp-json\/wp\/v2\/users\/1"}],"replies":[{"embeddable":true,"href":"https:\/\/www.mouclier.com\/index.php\/wp-json\/wp\/v2\/comments?post=10385"}],"version-history":[{"count":7,"href":"https:\/\/www.mouclier.com\/index.php\/wp-json\/wp\/v2\/posts\/10385\/revisions"}],"predecessor-version":[{"id":10398,"href":"https:\/\/www.mouclier.com\/index.php\/wp-json\/wp\/v2\/posts\/10385\/revisions\/10398"}],"wp:featuredmedia":[{"embeddable":true,"href":"https:\/\/www.mouclier.com\/index.php\/wp-json\/wp\/v2\/media\/10388"}],"wp:attachment":[{"href":"https:\/\/www.mouclier.com\/index.php\/wp-json\/wp\/v2\/media?parent=10385"}],"wp:term":[{"taxonomy":"category","embeddable":true,"href":"https:\/\/www.mouclier.com\/index.php\/wp-json\/wp\/v2\/categories?post=10385"},{"taxonomy":"post_tag","embeddable":true,"href":"https:\/\/www.mouclier.com\/index.php\/wp-json\/wp\/v2\/tags?post=10385"}],"curies":[{"name":"wp","href":"https:\/\/api.w.org\/{rel}","templated":true}]}}