{"id":10355,"date":"2026-01-20T06:00:21","date_gmt":"2026-01-20T05:00:21","guid":{"rendered":"https:\/\/www.mouclier.com\/?p=10355"},"modified":"2026-01-20T06:34:52","modified_gmt":"2026-01-20T05:34:52","slug":"zegna-la-ou-le-tissu-devient-memoire","status":"publish","type":"post","link":"https:\/\/www.mouclier.com\/index.php\/2026\/01\/20\/zegna-la-ou-le-tissu-devient-memoire\/","title":{"rendered":"ZEGNA L\u00c0 O\u00d9 LE TISSU DEVIENT M\u00c9MOIRE"},"content":{"rendered":"<p style=\"text-align: justify;\">\u00ab\u00a0Je suis le gardien de ces ombres familiales\u00a0\u00bb,\u00a0 confie Alessandro Sartori, \u00e9voquant une m\u00e9moire vestimentaire o\u00f9 chaque pi\u00e8ce, \u00e0 l\u2019instar des lieux de Proust, rec\u00e8le des strates de temps et de gestes r\u00e9p\u00e9t\u00e9s. Ce vestiaire n\u2019est point un mus\u00e9e, mais un palais de la m\u00e9moire, o\u00f9 les tissus relient les saisons pass\u00e9es aux corps pr\u00e9sents.<\/p>\n<p>Les mannequins en \u00e9mergent en incarnant une dialectique entre tradition et mouvement. Leurs silhouettes, diverses et fluides, composent une\u00a0 phrase musicale o\u00f9 chaque d\u00e9tail, un col de daim, un cardigan matelass\u00e9, devient une note dans la symphonie du quotidien.<\/p>\n<p>La veste Conte s\u2019allonge, et se transforme sans perdre son essence : une \u00e9l\u00e9gance qui dure. Le tissu Trofeo porte en lui\u00a0 l\u2019\u00e9toffe m\u00eame du temps tandis que les tricots, doux comme les apr\u00e8s-midi de Flaubert, invitent \u00e0 une lenteur f\u00e9conde. Un vestiaire comme paysage int\u00e9rieur qui veille sur l\u2019\u00e9ternel, retour du m\u00eame non pas comme r\u00e9p\u00e9tition, mais comme renaissance.<\/p>\n<p style=\"text-align: justify;\">FM<\/p>\n<div id='gallery-1' class='gallery galleryid-10355 gallery-columns-2 gallery-size-full'><figure class='gallery-item'>\n\t\t\t<div class='gallery-icon portrait'>\n\t\t\t\t<a href='https:\/\/www.mouclier.com\/index.php\/2026\/01\/20\/zegna-la-ou-le-tissu-devient-memoire\/1b-5\/'><img width=\"581\" height=\"875\" src=\"https:\/\/www.mouclier.com\/wp-content\/uploads\/2026\/01\/1b.jpg\" class=\"attachment-full size-full\" alt=\"\" decoding=\"async\" loading=\"lazy\" srcset=\"https:\/\/www.mouclier.com\/wp-content\/uploads\/2026\/01\/1b.jpg 581w, https:\/\/www.mouclier.com\/wp-content\/uploads\/2026\/01\/1b-199x300.jpg 199w, https:\/\/www.mouclier.com\/wp-content\/uploads\/2026\/01\/1b-435x655.jpg 435w\" sizes=\"(max-width: 581px) 100vw, 581px\" \/><\/a>\n\t\t\t<\/div><\/figure><figure class='gallery-item'>\n\t\t\t<div class='gallery-icon portrait'>\n\t\t\t\t<a href='https:\/\/www.mouclier.com\/index.php\/2026\/01\/20\/zegna-la-ou-le-tissu-devient-memoire\/2b-8\/'><img width=\"581\" height=\"875\" src=\"https:\/\/www.mouclier.com\/wp-content\/uploads\/2026\/01\/2b.jpg\" class=\"attachment-full size-full\" alt=\"\" decoding=\"async\" loading=\"lazy\" srcset=\"https:\/\/www.mouclier.com\/wp-content\/uploads\/2026\/01\/2b.jpg 581w, https:\/\/www.mouclier.com\/wp-content\/uploads\/2026\/01\/2b-199x300.jpg 199w, https:\/\/www.mouclier.com\/wp-content\/uploads\/2026\/01\/2b-435x655.jpg 435w\" sizes=\"(max-width: 581px) 100vw, 581px\" \/><\/a>\n\t\t\t<\/div><\/figure><figure class='gallery-item'>\n\t\t\t<div class='gallery-icon portrait'>\n\t\t\t\t<a href='https:\/\/www.mouclier.com\/index.php\/2026\/01\/20\/zegna-la-ou-le-tissu-devient-memoire\/4b-3\/'><img width=\"581\" height=\"875\" src=\"https:\/\/www.mouclier.com\/wp-content\/uploads\/2026\/01\/4b.jpg\" class=\"attachment-full size-full\" alt=\"\" decoding=\"async\" loading=\"lazy\" srcset=\"https:\/\/www.mouclier.com\/wp-content\/uploads\/2026\/01\/4b.jpg 581w, https:\/\/www.mouclier.com\/wp-content\/uploads\/2026\/01\/4b-199x300.jpg 199w, https:\/\/www.mouclier.com\/wp-content\/uploads\/2026\/01\/4b-435x655.jpg 435w\" sizes=\"(max-width: 581px) 100vw, 581px\" \/><\/a>\n\t\t\t<\/div><\/figure><figure class='gallery-item'>\n\t\t\t<div class='gallery-icon portrait'>\n\t\t\t\t<a href='https:\/\/www.mouclier.com\/index.php\/2026\/01\/20\/zegna-la-ou-le-tissu-devient-memoire\/5b-3\/'><img width=\"581\" height=\"875\" src=\"https:\/\/www.mouclier.com\/wp-content\/uploads\/2026\/01\/5b.jpg\" class=\"attachment-full size-full\" alt=\"\" decoding=\"async\" loading=\"lazy\" srcset=\"https:\/\/www.mouclier.com\/wp-content\/uploads\/2026\/01\/5b.jpg 581w, https:\/\/www.mouclier.com\/wp-content\/uploads\/2026\/01\/5b-199x300.jpg 199w, https:\/\/www.mouclier.com\/wp-content\/uploads\/2026\/01\/5b-435x655.jpg 435w\" sizes=\"(max-width: 581px) 100vw, 581px\" \/><\/a>\n\t\t\t<\/div><\/figure>\n\t\t<\/div>\n\n","protected":false},"excerpt":{"rendered":"<p style=\"text-align: justify;\">\u00ab\u00a0Je suis le gardien de ces ombres familiales\u00a0\u00bb,\u00a0 confie Alessandro Sartori, \u00e9voquant une m\u00e9moire vestimentaire o\u00f9 chaque pi\u00e8ce, \u00e0 l\u2019instar des lieux de Proust, rec\u00e8le des strates de temps et de gestes r\u00e9p\u00e9t\u00e9s. Ce vestiaire n\u2019est point un mus\u00e9e, mais un palais de la m\u00e9moire, o\u00f9 les tissus relient les saisons pass\u00e9es aux corps pr\u00e9sents. <\/p>\n<p style=\"text-align: justify;\">\n<p style=\"text-align: justify;\">Les mannequins en \u00e9mergent en incarnant une dialectique entre tradition et mouvement. Leurs silhouettes, diverses et fluides, composent une\u00a0 phrase musicale o\u00f9 chaque d\u00e9tail, un col de daim, un cardigan matelass\u00e9, devient une note dans la symphonie du quotidien. <a href=\"https:\/\/www.mouclier.com\/index.php\/2024\/zegna-la-ou-le-tissu-devient-memoire\/\"><strong><em>Pour lire plus cliquer ici<\/em><\/strong><\/a><\/p>\n<p style=\"text-align: justify;\">\n","protected":false},"author":1,"featured_media":10363,"comment_status":"closed","ping_status":"closed","sticky":false,"template":"","format":"standard","meta":[],"categories":[1],"tags":[],"_links":{"self":[{"href":"https:\/\/www.mouclier.com\/index.php\/wp-json\/wp\/v2\/posts\/10355"}],"collection":[{"href":"https:\/\/www.mouclier.com\/index.php\/wp-json\/wp\/v2\/posts"}],"about":[{"href":"https:\/\/www.mouclier.com\/index.php\/wp-json\/wp\/v2\/types\/post"}],"author":[{"embeddable":true,"href":"https:\/\/www.mouclier.com\/index.php\/wp-json\/wp\/v2\/users\/1"}],"replies":[{"embeddable":true,"href":"https:\/\/www.mouclier.com\/index.php\/wp-json\/wp\/v2\/comments?post=10355"}],"version-history":[{"count":5,"href":"https:\/\/www.mouclier.com\/index.php\/wp-json\/wp\/v2\/posts\/10355\/revisions"}],"predecessor-version":[{"id":10376,"href":"https:\/\/www.mouclier.com\/index.php\/wp-json\/wp\/v2\/posts\/10355\/revisions\/10376"}],"wp:featuredmedia":[{"embeddable":true,"href":"https:\/\/www.mouclier.com\/index.php\/wp-json\/wp\/v2\/media\/10363"}],"wp:attachment":[{"href":"https:\/\/www.mouclier.com\/index.php\/wp-json\/wp\/v2\/media?parent=10355"}],"wp:term":[{"taxonomy":"category","embeddable":true,"href":"https:\/\/www.mouclier.com\/index.php\/wp-json\/wp\/v2\/categories?post=10355"},{"taxonomy":"post_tag","embeddable":true,"href":"https:\/\/www.mouclier.com\/index.php\/wp-json\/wp\/v2\/tags?post=10355"}],"curies":[{"name":"wp","href":"https:\/\/api.w.org\/{rel}","templated":true}]}}